{"id":967,"date":"2013-04-25T10:03:59","date_gmt":"2013-04-25T10:03:59","guid":{"rendered":"http:\/\/pkjl-brandenburg.de\/?p=967"},"modified":"2017-06-02T12:31:27","modified_gmt":"2017-06-02T12:31:27","slug":"continental-sumo-europameisterschaft-warschau","status":"publish","type":"post","link":"https:\/\/pkjl-brandenburg.de\/?p=967","title":{"rendered":"Continental SUMO Europameisterschaft Warschau"},"content":{"rendered":"<p><strong>Anika Schulze holt Bronze <\/strong><\/p>\n<p>Am Wochenende fanden in Warschau die offiziellen Europameisterschaften in den Altersklassen U21,U23 und Senioren im Sumo statt.<\/p>\n<p>Nach einer langen und anstrengenden Anreise am Donnerstag, trat Anne Christin Kamischke in der Altersklasse U21 im Limit -70kg in den Dohyo (Ring) und unser Daniel Klenner begann seine Ausbildung zum internationalen Sumo Kampfrichter!<br \/>\n<!--more--><br \/>\nAnne ging beherzt in die K\u00e4mpfe konnte, aber leider nicht so stark auftrumpfen wie wir es uns erhofft hatten. Im Bronze Kampf fehlten nur Zentimeter vom Ringrand um Ihre Gegnerin aus Russland aus dem Dohyo (Ring) zu heben! Leider war der Respekt vor den vielen internationalen K\u00e4mpferinnen noch zu gro\u00df und somit beendete sie das Turnier mit einem guten 5.Platz!<\/p>\n<p>Vor den Finalk\u00e4mpfen war die offizielle Er\u00f6ffnungszeremonie, mit Einmarsch der Athleten und Fahnentr\u00e4gern und der Nationalhymne Polens! Verschiedene G\u00e4ste, zum Beispiel der Sportminister Polens, der japanische Botschafter, der B\u00fcrgermeister der Stadt Warschau und der Pr\u00e4sident des polnischen Sumoverbandes sprachen ein paar Gru\u00dfworte an die Athleten! Im Anschluss nahm der Vize Pr\u00e4sident der ISF (Internationale Sumo F\u00f6rderation) Herr Korobko (UKR) Ehrungen vor! Er \u00fcbermittelte Gl\u00fcckw\u00fcnsche und Gr\u00fc\u00dfe vom Pr\u00e4sidenten der ISF Herrn Tanaka (JPN) und \u00fcbergab den Vizepr\u00e4sidenten der EFS, dem Generalsekret\u00e4r der EFS, dem Gesch\u00e4ftsf\u00fchrer des polnischen Verbandes und mir als ehemalige Sportlerin f\u00fcr ihre Hilfe den Sumo Sport in Europa und der Welt bekannt zumachen, eine Ehrentafel!<\/p>\n<p>Am Samstag sammelte Anne Christin in der Altersklasse U23 noch Erfahrungen!!<\/p>\n<p>Sonntag der Gro\u00dfe Tag unserer Senioren, als erstes ging Daniela Schmidtsdorf  in der Klasse -65kg in den Ring! Daniela stellte sich ihren Gegnerinnen aus Russland und Polen, sie hatte einen guten Start aber leider drehten die Gegner sie am Ringrand nach draussen!! Als n\u00e4chstes ging unser Aush\u00e4ngeschild Kerstin Schmidtsdorf in -80kg hoch motiviert auf den Dohyo (Ring)! Sie gewann gegen die St\u00e4rkste Athletin in dieser Gewichtsklasse Anna Alexandrova aus Russland und auch gegen Agnieszka Brzyky (POL) und verlor leider im Einzug ins Finale gegen Maryna Maksymenko (UKR) um dann v\u00f6llig nerv\u00f6s und verkrampft gegen Marina Rozum (POL) zu k\u00e4mpfen! Leider konnte sie ihr Leistungsniveau nicht abrufen, da sie unbedingt eine Medaille holen wollte um sich die Teilnahme den World Games zu sichern! Sie verlor diesen wichtigen Kampf und ein 5. Platz stand am Turnierende zu buche!<\/p>\n<p>In -95kg ging unsere Anika Schulze nach langer Verletzungspause in den Wettkampf, sie musste gegen Olga Mytnyk (UKR) k\u00e4mpfen und schob ihre Gegnerin aus dem Ring! In einem dreimin\u00fctigem Einzug ins Finale, welches vom Niveau ein Finalkampf h\u00e4tte sein k\u00f6nnen, traf sie auf die Ausnahmeathletin Marina Dvoretskaya aus Russland! Drei Minuten konnte sie ihre Gegnerin bewegen und provozieren und dabei immer die Kontrolle \u00fcber sich und ihren K\u00f6rper behalten, um dann doch noch kurz vor Abbruch und neubeginn des Kampfes zu Boden zu gehen!! V\u00f6llig aufgeregt und mit festen Armen kam sie zu uns gelaufen und nach kurzer Pause und Lockerung ging es wieder in den Ring!! Anna Lemke aus Polen wurde blitzschnell auf den Ringboden bef\u00f6rdert und Anika konnte es nicht fassen :Bronze bei den Europameisterschaften!!!<\/p>\n<p>In der offenen Klasse wurden Anika gleich zwei Damen mit jeweils lockere 140kg zu gelost! Die Polin und die Ukrainerin waren an dem Nachmittag einfach zu stark f\u00fcr Anika , aber dies war an diesem Tag kein Grund zum traurig sein!<\/p>\n<p>Lange gewartet um zu starten haben die M\u00e4nner und als erster durfte Patrick in den Ring um gegen Midat Kurbedinov (UKR) zu k\u00e4mpfen. Der Start war blitzschnell und Patrick versuchte mit Tsuki-dashi (Heraussto\u00dfen des Gegners durch schnelle Wechselseitiges schlagen mit den flachen Handfl\u00e4chen gegen den Brustkorb des Gegners) und kam bis zum Ringende! Pl\u00f6tzlich wich der Ukrainer aus und Griff Patrick ans Bein und gewann durch Ashi-tori (Beinfasser)!! Patrick k\u00e4mpfte weiter beherzt und konnte dann den Tag mit einem 7.Platz beenden!! Wir sind auf dem richtigen Weg und werden weiter Muskulatur aufbauen.<\/p>\n<p>Bis 92kg ging Mathias B\u00fclt an den Start und traf auf den Russen Buyan Burbuchuk und wich nach dem Startkommando aus und dr\u00fcckte ihn zu Boden! Die \u00dcberraschung war gegl\u00fcckt und so konnte er v\u00f6llig frei weiterk\u00e4mpfen um sich am Abend \u00fcber einen guten 5. Platz zu freuen!<\/p>\n<p>Nun konnte Erik H\u00f6ft endlich in den Wettkampf starten und Zaur Karaev (sp\u00e4terer Europameister) hob Erik hoch und trug ihn aus dem Dohyo (Ring)!! Im zweiten Kampf gegen Marcin Luto verletzte sich Erik und musste aufgeben!<\/p>\n<p>Fred ging im Schwergewicht \u00fcber 115kg in den Ring und verlor ungl\u00fccklich seinen Auftaktkampf! Leider verlor sein Gegner den n\u00e4chsten Kampf und das hie\u00df das aus f\u00fcr Fred !! Nun wollte Fred in der Open Kategorie noch einmal alles geben, aber dann der D\u00e4mpfer. Fred wurde der Weltmeister Alan Karaev zugelost, ein ca 230 kg Mann bei 2,00 m Gr\u00f6\u00dfe, nun ja da gilt die Divise alles oder nix! Er startete volle Pulle gegen ihn und wollte dann ausweichen und von der Seite weiter schieben, leider nahm er Fred unter die Arme und nahm ihn mit aus dem Ring. Fred kam dann gegen Autandel Tzernadze aus Georgien und musste um Platz 3 gegn Levan Beriandize (GEO) und verlor knapp mit Beinfasser! Die 5. Pl\u00e4tze lassen uns hoffen, das wir im n\u00e4chsten Jahr vielleicht wieder eine Medaille im M\u00e4nnerbereich erk\u00e4mpfen!! Nach den Ausbildung am Dohyo (Ring) durfte sich Daniel Klenner nach den Wettk\u00e4mpfen \u00fcber die bestandene internationale Europa Kampfrichter Lizenz freuen!!<\/p>\n","protected":false},"excerpt":{"rendered":"<p>Anika Schulze holt Bronze Am Wochenende fanden in Warschau die offiziellen Europameisterschaften in den Altersklassen U21,U23 und Senioren im Sumo statt. Nach einer langen und anstrengenden Anreise am Donnerstag, trat Anne Christin Kamischke in der Altersklasse U21 im Limit -70kg in den Dohyo (Ring) und unser Daniel Klenner begann seine Ausbildung zum internationalen Sumo Kampfrichter!<\/p>\n","protected":false},"author":1,"featured_media":0,"comment_status":"closed","ping_status":"closed","sticky":false,"template":"","format":"standard","meta":{"footnotes":""},"categories":[1],"tags":[42,41,35,31],"class_list":["post-967","post","type-post","status-publish","format-standard","hentry","category-allgemein","tag-anika","tag-koppen","tag-sandra","tag-sumo"],"_links":{"self":[{"href":"https:\/\/pkjl-brandenburg.de\/index.php?rest_route=\/wp\/v2\/posts\/967","targetHints":{"allow":["GET"]}}],"collection":[{"href":"https:\/\/pkjl-brandenburg.de\/index.php?rest_route=\/wp\/v2\/posts"}],"about":[{"href":"https:\/\/pkjl-brandenburg.de\/index.php?rest_route=\/wp\/v2\/types\/post"}],"author":[{"embeddable":true,"href":"https:\/\/pkjl-brandenburg.de\/index.php?rest_route=\/wp\/v2\/users\/1"}],"replies":[{"embeddable":true,"href":"https:\/\/pkjl-brandenburg.de\/index.php?rest_route=%2Fwp%2Fv2%2Fcomments&post=967"}],"version-history":[{"count":3,"href":"https:\/\/pkjl-brandenburg.de\/index.php?rest_route=\/wp\/v2\/posts\/967\/revisions"}],"predecessor-version":[{"id":969,"href":"https:\/\/pkjl-brandenburg.de\/index.php?rest_route=\/wp\/v2\/posts\/967\/revisions\/969"}],"wp:attachment":[{"href":"https:\/\/pkjl-brandenburg.de\/index.php?rest_route=%2Fwp%2Fv2%2Fmedia&parent=967"}],"wp:term":[{"taxonomy":"category","embeddable":true,"href":"https:\/\/pkjl-brandenburg.de\/index.php?rest_route=%2Fwp%2Fv2%2Fcategories&post=967"},{"taxonomy":"post_tag","embeddable":true,"href":"https:\/\/pkjl-brandenburg.de\/index.php?rest_route=%2Fwp%2Fv2%2Ftags&post=967"}],"curies":[{"name":"wp","href":"https:\/\/api.w.org\/{rel}","templated":true}]}}