{"id":898,"date":"2012-06-19T18:31:05","date_gmt":"2012-06-19T18:31:05","guid":{"rendered":"http:\/\/pkjl-brandenburg.de\/?p=898"},"modified":"2017-06-02T12:34:02","modified_gmt":"2017-06-02T12:34:02","slug":"sumo-em-2012-kerstin-schmidtsdorf-wird-europameisterin","status":"publish","type":"post","link":"https:\/\/pkjl-brandenburg.de\/?p=898","title":{"rendered":"Sumo EM 2012  Kerstin Schmidtsdorf wird Europameisterin"},"content":{"rendered":"<p>F\u00fcnf Brandenburger Sumotori machten sich, mit Trainerin Sandra K\u00f6ppen \u2013 Zuckschwerdt im von Taxiunternehmerin Beate Huth gestellten Kleinbus auf den Weg zu den Europameisterschaften nach Budapest.<br \/>\nIn einer sehr sch\u00f6nen Sporthalle am Rande von Budapest wurden die Titelk\u00e4mpfe unter der Teilnahme von 17 Nationen in der U14 \/ U 18 \/ U 21 und den Senioren durchgef\u00fchrt.<br \/>\nMaximilian Milbradt im Schwergewicht der U 14 k\u00e4mpfend konnte sich bis zum Finale durchsetzen und verlor dort gegen den Polen Karol Konig. Er rutschte auf dem glatten Boden aus und musste sich \u00fcber Silber freuen.<!--more--><br \/>\nBei den Frauen gingen die beiden SCHMIDTSDORF \u2013 Schwestern ins Rennen. Daniela, nach vier Jahren Wettkampfpause und in der leichten 65 kg Klasse k\u00e4mpfend musste bei diesen Titelk\u00e4mpfen noch anderen den Vorrang lassen, aber \u00fcber den 5.Platz kann sie sich freuen.<br \/>\nMit mehr Erfahrung im Kampf und einer einzigartigen Saison im Gep\u00e4ck schlug Schwester Kerstin ihre Konkurrenz aus dem Ring und konnte ihren ersten Europameistertitel im Einzelwettbewerb bis 80 kg erk\u00e4mpfen.<br \/>\nBeide Schmidtsdorf \u2013 Schwester gingen mit den Osnabr\u00fccker Nicole Hehemann und Carina Beermann in der Mannschaft an den Start. Leider hatte das Team im Finale gegen die Bulgarinnen nichts entgegen zu setzen und verloren mit 3 : 0 . Silber vor Ungarn war f\u00fcr die deutschen Frauen eine sehr sch\u00f6ne Platzierung.<br \/>\nBei den M\u00e4nnern ging in der 85 kg Klasse Patrick Fr\u00f6hlich und in der 92 kg Klasse Matthias B\u00fclt an den Start. Patrick in einer guten Verfassung an den Start gehend hatte im ersten Gefecht einen alten Bekannten aus \u00d6sterreich zugelost. Joseph Schm\u00f6ll wurde von Patrick an den Ringrand geschoben, machte dann einen neuen Technikansatz der ihn aus dem Gleichgewicht und zur Bodenber\u00fchrung brachte . Nach dieser Niederlage von Patrick verlor Schm\u00f6ll gegen Nagy Ungarn und damit war Patrick aus dem Rennen. Mathias B\u00fclt, dass erste mal bei einer Europameisterschaft startend, war sichtlich nerv\u00f6s. Der beim Sumo so wichtige schnelle Start wollte ihm nicht gelingen und damit verpasste er knapp eine Medaille und landete auf Platz 5. Im Teamwettbewerb um Florian Ebert, Phillipp Brinkmann, Sven Ries und Patrick Fr\u00f6hlich  konnte die Medaille vom Vorjahr nicht wiederholt werden, zu gro\u00df ist die L\u00fccke die der Verletzungsbedingt der fehlender Fred K\u00f6ppen hinterlassen hat.  <\/p>\n","protected":false},"excerpt":{"rendered":"<p>F\u00fcnf Brandenburger Sumotori machten sich, mit Trainerin Sandra K\u00f6ppen \u2013 Zuckschwerdt im von Taxiunternehmerin Beate Huth gestellten Kleinbus auf den Weg zu den Europameisterschaften nach Budapest. In einer sehr sch\u00f6nen Sporthalle am Rande von Budapest wurden die Titelk\u00e4mpfe unter der Teilnahme von 17 Nationen in der U14 \/ U 18 \/ U 21 und den [&hellip;]<\/p>\n","protected":false},"author":1,"featured_media":0,"comment_status":"closed","ping_status":"closed","sticky":false,"template":"","format":"standard","meta":{"footnotes":""},"categories":[1],"tags":[],"class_list":["post-898","post","type-post","status-publish","format-standard","hentry","category-allgemein"],"_links":{"self":[{"href":"https:\/\/pkjl-brandenburg.de\/index.php?rest_route=\/wp\/v2\/posts\/898","targetHints":{"allow":["GET"]}}],"collection":[{"href":"https:\/\/pkjl-brandenburg.de\/index.php?rest_route=\/wp\/v2\/posts"}],"about":[{"href":"https:\/\/pkjl-brandenburg.de\/index.php?rest_route=\/wp\/v2\/types\/post"}],"author":[{"embeddable":true,"href":"https:\/\/pkjl-brandenburg.de\/index.php?rest_route=\/wp\/v2\/users\/1"}],"replies":[{"embeddable":true,"href":"https:\/\/pkjl-brandenburg.de\/index.php?rest_route=%2Fwp%2Fv2%2Fcomments&post=898"}],"version-history":[{"count":3,"href":"https:\/\/pkjl-brandenburg.de\/index.php?rest_route=\/wp\/v2\/posts\/898\/revisions"}],"predecessor-version":[{"id":1338,"href":"https:\/\/pkjl-brandenburg.de\/index.php?rest_route=\/wp\/v2\/posts\/898\/revisions\/1338"}],"wp:attachment":[{"href":"https:\/\/pkjl-brandenburg.de\/index.php?rest_route=%2Fwp%2Fv2%2Fmedia&parent=898"}],"wp:term":[{"taxonomy":"category","embeddable":true,"href":"https:\/\/pkjl-brandenburg.de\/index.php?rest_route=%2Fwp%2Fv2%2Fcategories&post=898"},{"taxonomy":"post_tag","embeddable":true,"href":"https:\/\/pkjl-brandenburg.de\/index.php?rest_route=%2Fwp%2Fv2%2Ftags&post=898"}],"curies":[{"name":"wp","href":"https:\/\/api.w.org\/{rel}","templated":true}]}}