{"id":891,"date":"2012-06-18T19:27:57","date_gmt":"2012-06-18T19:27:57","guid":{"rendered":"http:\/\/pkjl-brandenburg.de\/?p=891"},"modified":"2017-06-02T12:34:09","modified_gmt":"2017-06-02T12:34:09","slug":"gluckwunsch-den-pritzerber-judokas-zur-bestandenen-gurtelprufung","status":"publish","type":"post","link":"https:\/\/pkjl-brandenburg.de\/?p=891","title":{"rendered":"Gl\u00fcckwunsch den Pritzerber Judokas zur bestandenen G\u00fcrtelpr\u00fcfung"},"content":{"rendered":"<p><a href=\"http:\/\/pkjl-brandenburg.de\/wp-content\/uploads\/15.06-11.jpg\"><img loading=\"lazy\" decoding=\"async\" src=\"http:\/\/pkjl-brandenburg.de\/wp-content\/uploads\/15.06-11-300x225.jpg\" alt=\"\" title=\"Bild1\" width=\"300\" height=\"225\" class=\"alignleft size-medium wp-image-893\" srcset=\"https:\/\/pkjl-brandenburg.de\/wp-content\/uploads\/15.06-11-300x225.jpg 300w, https:\/\/pkjl-brandenburg.de\/wp-content\/uploads\/15.06-11.jpg 800w\" sizes=\"auto, (max-width: 300px) 100vw, 300px\" \/><\/a>Am vergangenen Freitag war es endlich soweit. Die Pritzerber Judoka sollten unter den Augen vom Pr\u00fcfer Wolfgang Zuckschwert die ersehnte und doch so aufregende G\u00fcrtelpr\u00fcfung ablegen.<br \/>\nInsgesamt 7 Judoka stellten sich dem Pr\u00fcfer im alten Kinosaal der Begegnungsst\u00e4tte Pritzerbe, in der wir nun seit geraumer Zeit trainieren, da es erhebliche Umbauten in der Turnhalle der Grundschule Pritzerbe gibt.<!--more--><br \/>\n<a href=\"http:\/\/pkjl-brandenburg.de\/wp-content\/uploads\/15.06-24.jpg\"><img loading=\"lazy\" decoding=\"async\" src=\"http:\/\/pkjl-brandenburg.de\/wp-content\/uploads\/15.06-24-225x300.jpg\" alt=\"\" title=\"15.06 (24)\" width=\"225\" height=\"300\" class=\"alignleft size-medium wp-image-896\" srcset=\"https:\/\/pkjl-brandenburg.de\/wp-content\/uploads\/15.06-24-225x300.jpg 225w, https:\/\/pkjl-brandenburg.de\/wp-content\/uploads\/15.06-24.jpg 528w\" sizes=\"auto, (max-width: 225px) 100vw, 225px\" \/><\/a>Lucas, Johannes und Tobias (im Bild v.l.) zeigten dem Pr\u00fcfer, dass sie nun berechtigt den neuen gelb\/orangenen G\u00fcrtel tragen d\u00fcrfen. Sie zeigten sehr gute Leistungen und bestanden mit Bravour die Pr\u00fcfung zum 6. Kyu.<\/p>\n<p>Etwas aufgeregter ging es bei den ganz kleinen Judoka zu.<br \/>\nLouis, Felix und beide Luca (im Bild v.h.l.) stellten sich der Aufgabe, die Pr\u00fcfung zum 8. Kyu zu meistern. Nicht nur, dass sie unter den \u201estrengen\u201c Augen des Pr\u00fcfers alle Stand- und Bodentechniken zeigen mussten, nein auch noch die Theorie musste gemeistert werden. Hier zeigte sich, dass ein zus\u00e4tzliches \u00dcben mit Mama und Papa zwar anstrengend aber erfolgreich sein kann.<br \/>\nTrotz ihrer Nervosit\u00e4t zeigten alle eine tolle Leistung, so dass sie jetzt Tr\u00e4ger des wei\u00df\/gelben G\u00fcrtels sind.<\/p>\n<p>Mit den bestandenen Pr\u00fcfungen geht es nun auch in die Sommerferien und dann, so hoffen wir alle, wieder zur\u00fcck in die Sporthalle der Grundschule Pritzerbe. <\/p>\n","protected":false},"excerpt":{"rendered":"<p>Am vergangenen Freitag war es endlich soweit. Die Pritzerber Judoka sollten unter den Augen vom Pr\u00fcfer Wolfgang Zuckschwert die ersehnte und doch so aufregende G\u00fcrtelpr\u00fcfung ablegen. Insgesamt 7 Judoka stellten sich dem Pr\u00fcfer im alten Kinosaal der Begegnungsst\u00e4tte Pritzerbe, in der wir nun seit geraumer Zeit trainieren, da es erhebliche Umbauten in der Turnhalle der [&hellip;]<\/p>\n","protected":false},"author":1,"featured_media":0,"comment_status":"closed","ping_status":"closed","sticky":false,"template":"","format":"standard","meta":{"footnotes":""},"categories":[1],"tags":[],"class_list":["post-891","post","type-post","status-publish","format-standard","hentry","category-allgemein"],"_links":{"self":[{"href":"https:\/\/pkjl-brandenburg.de\/index.php?rest_route=\/wp\/v2\/posts\/891","targetHints":{"allow":["GET"]}}],"collection":[{"href":"https:\/\/pkjl-brandenburg.de\/index.php?rest_route=\/wp\/v2\/posts"}],"about":[{"href":"https:\/\/pkjl-brandenburg.de\/index.php?rest_route=\/wp\/v2\/types\/post"}],"author":[{"embeddable":true,"href":"https:\/\/pkjl-brandenburg.de\/index.php?rest_route=\/wp\/v2\/users\/1"}],"replies":[{"embeddable":true,"href":"https:\/\/pkjl-brandenburg.de\/index.php?rest_route=%2Fwp%2Fv2%2Fcomments&post=891"}],"version-history":[{"count":5,"href":"https:\/\/pkjl-brandenburg.de\/index.php?rest_route=\/wp\/v2\/posts\/891\/revisions"}],"predecessor-version":[{"id":1339,"href":"https:\/\/pkjl-brandenburg.de\/index.php?rest_route=\/wp\/v2\/posts\/891\/revisions\/1339"}],"wp:attachment":[{"href":"https:\/\/pkjl-brandenburg.de\/index.php?rest_route=%2Fwp%2Fv2%2Fmedia&parent=891"}],"wp:term":[{"taxonomy":"category","embeddable":true,"href":"https:\/\/pkjl-brandenburg.de\/index.php?rest_route=%2Fwp%2Fv2%2Fcategories&post=891"},{"taxonomy":"post_tag","embeddable":true,"href":"https:\/\/pkjl-brandenburg.de\/index.php?rest_route=%2Fwp%2Fv2%2Ftags&post=891"}],"curies":[{"name":"wp","href":"https:\/\/api.w.org\/{rel}","templated":true}]}}