{"id":875,"date":"2012-06-15T09:45:35","date_gmt":"2012-06-15T09:45:35","guid":{"rendered":"http:\/\/pkjl-brandenburg.de\/?p=875"},"modified":"2019-07-31T08:19:06","modified_gmt":"2019-07-31T08:19:06","slug":"training-in-den-ferien-2","status":"publish","type":"post","link":"https:\/\/pkjl-brandenburg.de\/?p=875","title":{"rendered":"Training in den Ferien"},"content":{"rendered":"<p>So, es ist soweit!<br \/>\nDie von euch so lang ersehnten Sommerferien r\u00fccken in greifbare N\u00e4he!!!<br \/>\nWir w\u00fcnschen euch und euren Familien viel Spa\u00df und einen sch\u00f6nen Urlaub.<br \/>\nF\u00fcr diejenigen, die trotzdem Sport machen m\u00f6chten, bieten wir <strong>in den Ferien jeden Donnerstag zur gewohnten Zeit (17:00 Uhr)<\/strong> anderthalb Stunden Sport, Spa\u00df und Spiel in der Judohalle an.<br \/>\nWir werden viele neue Boden- &amp; Standtechniken mit euch erlernen.<br \/>\nIn der 25. Kalenderwoche (KW) findet das Training noch ganz normal statt und ab der 26. KW nur noch donnerstags.<br \/>\nAlso bis dahin! Wir freuen uns auf euch!<br \/>\nEuer Trainerteam<br \/>\nPS: Wir hoffen, ihr seid mit euren Zeugnissen mehr als zufrieden!<\/p>\n","protected":false},"excerpt":{"rendered":"<p>So, es ist soweit! Die von euch so lang ersehnten Sommerferien r\u00fccken in greifbare N\u00e4he!!! Wir w\u00fcnschen euch und euren Familien viel Spa\u00df und einen sch\u00f6nen Urlaub. F\u00fcr diejenigen, die trotzdem Sport machen m\u00f6chten, bieten wir in den Ferien jeden Donnerstag zur gewohnten Zeit (17:00 Uhr) anderthalb Stunden Sport, Spa\u00df und Spiel in der Judohalle [&hellip;]<\/p>\n","protected":false},"author":1,"featured_media":0,"comment_status":"closed","ping_status":"closed","sticky":false,"template":"","format":"standard","meta":{"footnotes":""},"categories":[1],"tags":[],"class_list":["post-875","post","type-post","status-publish","format-standard","hentry","category-allgemein"],"_links":{"self":[{"href":"https:\/\/pkjl-brandenburg.de\/index.php?rest_route=\/wp\/v2\/posts\/875","targetHints":{"allow":["GET"]}}],"collection":[{"href":"https:\/\/pkjl-brandenburg.de\/index.php?rest_route=\/wp\/v2\/posts"}],"about":[{"href":"https:\/\/pkjl-brandenburg.de\/index.php?rest_route=\/wp\/v2\/types\/post"}],"author":[{"embeddable":true,"href":"https:\/\/pkjl-brandenburg.de\/index.php?rest_route=\/wp\/v2\/users\/1"}],"replies":[{"embeddable":true,"href":"https:\/\/pkjl-brandenburg.de\/index.php?rest_route=%2Fwp%2Fv2%2Fcomments&post=875"}],"version-history":[{"count":14,"href":"https:\/\/pkjl-brandenburg.de\/index.php?rest_route=\/wp\/v2\/posts\/875\/revisions"}],"predecessor-version":[{"id":1340,"href":"https:\/\/pkjl-brandenburg.de\/index.php?rest_route=\/wp\/v2\/posts\/875\/revisions\/1340"}],"wp:attachment":[{"href":"https:\/\/pkjl-brandenburg.de\/index.php?rest_route=%2Fwp%2Fv2%2Fmedia&parent=875"}],"wp:term":[{"taxonomy":"category","embeddable":true,"href":"https:\/\/pkjl-brandenburg.de\/index.php?rest_route=%2Fwp%2Fv2%2Fcategories&post=875"},{"taxonomy":"post_tag","embeddable":true,"href":"https:\/\/pkjl-brandenburg.de\/index.php?rest_route=%2Fwp%2Fv2%2Ftags&post=875"}],"curies":[{"name":"wp","href":"https:\/\/api.w.org\/{rel}","templated":true}]}}