{"id":839,"date":"2012-05-14T09:37:05","date_gmt":"2012-05-14T09:37:05","guid":{"rendered":"http:\/\/pkjl-brandenburg.de\/?p=839"},"modified":"2017-06-02T12:34:31","modified_gmt":"2017-06-02T12:34:31","slug":"spree-cup-2012-karo-und-lorentz-auf-dem-treppchen","status":"publish","type":"post","link":"https:\/\/pkjl-brandenburg.de\/?p=839","title":{"rendered":"Spree Cup 2012 \u2013 Karo und Lorenz auf dem Treppchen"},"content":{"rendered":"<p><a rel=\"attachment wp-att-840\" href=\"http:\/\/pkjl-brandenburg.de\/?attachment_id=840\"><img loading=\"lazy\" decoding=\"async\" class=\"alignleft size-thumbnail wp-image-840\" title=\"IMG_0220\" src=\"http:\/\/pkjl-brandenburg.de\/wp-content\/uploads\/IMG_0220-150x150.jpg\" alt=\"\" width=\"165\" height=\"150\" \/><\/a><\/p>\n<p>Am Wochenende, 12.\/13. Mai,\u00a0 fuhren 10 Judokas der PKJL zum Spree- Cup nach F\u00fcrstenwalde und zeigten bei dem gut besetzten Turnier ihr sportliches K\u00f6nnen.<\/p>\n<p><!--more-->1. Tag: Am Samstag wurden die Gewichtsklassen der Altersklasse unter 12 Jahre ausgek\u00e4mpft. <strong>Robin<\/strong> erreichte einen guten 5. Platz in der Gewichtsklasse bis 28 kg. Im ersten Kampf \u00fcberraschte er seinen Gegner mit einem sch\u00f6nen De- ashi- barai, einem Fu\u00dffegewurf und gewann somit schon nach nur wenigen Sekunden mit Ippon (ganzer Punkt). Im Kampf um den Einzug ins Finale konnte sich Robin zwar mehmals aus Festhaltetechniken befreien, verlor aber nach Ende der Kampfzeit, aufgrund geringerer Wertungen. In seinem letzten Kampf musste er sich ebenfalls geschlagen geben, doch die Trainer waren mit Robins motivierter und positiver Einstellung vor und w\u00e4hrend seiner K\u00e4mpfe sehr zufrieden. Mach\u00b4weiter so, Robin! <strong>Frederik<\/strong> k\u00e4mpfte in der Geweichtsklasse bis 31 kg ebenfalls gut und erreichte nach vier K\u00e4mpfen einen 7. Platz. Seine beiden Siege erreichte er jeweils mit einem vorzeitigen Ippon f\u00fcr O-soto-gari. In seinem letzten Kampf lag er aufgrund von Bestrafungen seines Gegners knapp in F\u00fchrung. Leider lie\u00df die Konzentration nach und er verlor letztlich diesen Kampf. Dennoch zeigte Frederik eine gute k\u00e4mpferische Leistung und setzte vor allem die Tipps der Trainer sehr gut um. Beim n\u00e4chsten Turnier wird er sicherlich trotz ausgebauter F\u00fchrung Ruhe bewahren k\u00f6nnen. <strong>Luis<\/strong> unterlag in der Gewichtsklasse bis 40 kg in seinem ersten Kampf mit etwas Lospech dem sp\u00e4teren Finalisten und schaffte es nicht, sich in der Trostrunde erneut zu motivieren. Damit schied er vorzeitig aus.<\/p>\n<p>2. Tag: Am Sonntag gingen die Wettk\u00e4mpfer der Altersklassen unter 10 Jahren und unter 14 Jahren an den Start.\u00a0 <strong>Karoline<\/strong> erreichte in der Gewichtsklasse bis 30 kg eine verdiente Silbermedaille. Mit einem Harai- goshi und anschlie\u00dfender Festhaltetechnik gewann sie ihren ersten Kampf und trat weiterhin stark und selbstbewusst auf. Im zweiten Kampf vergab sie mehrere Chancen,\u00a0 ihre Gegnerin am Boden festzuhalten und wurde leider kurz vor Kampfende mit O-soto-gari gekontert. Dennoch blieb sie im letzten Kampf konzentriert und gewann erneut mit Harai- goshi und anschlie\u00dfender Festhaltetechnik. Ein super Ergebnis nach so langer Verletzungspause. Vor allem Karolines Selbstsicherheit und ihr Mut anzugreifen ist sehr lobenswert. <strong>Luca<\/strong> beendete seinen Wettkampf in der Gewichtsklasse bis 28 kg mit einem 7. Platz. In seinen vier K\u00e4mpfen zeigte er sehr gute Leistungen und blieb bis zur letzten Sekunde konzentriert und aktiv. Luca bewegt prima seine Gegner. Trau\u00b4dich ruhig h\u00e4ufiger einzudrehen! Ebenfalls in der Gewichtsklasse bis 28 kg absolvierte <strong>Justin<\/strong> seinen ersten Wettkampf und erreichte einen 9. Platz. Justin hat ein vorz\u00fcgliches Bewegungsgef\u00fchl und zeigte dies in seinen vier K\u00e4mpfen, von denen er zwei gewinnen konnte. Trainerin Sandra K\u00f6ppen- Zuckschwerdt war sehr stolz auf ihren kleinen Judoka &#8222;Justins Auftreten und seine Einstellung zum K\u00e4mpfen waren gro\u00dfartig!&#8220;. Justins Bruder <strong>Maurice<\/strong> stand auch das erste mal auf Wettkampfmatten. Leider schied er trotz guter Leistungen nach zwei K\u00e4mpfen aus. Wenn Maurice weiterhin so flei\u00dfig trainiert, wird er sich beim n\u00e4chsten Wettkampf mit einer gr\u00f6\u00dferen Technikvielfalt seinen Gegnern stellen k\u00f6nnen. Unsere &#8222;Gro\u00dfen&#8220; nahmen in der Altersklasse U14 teil. <strong>Lorentz<\/strong> erreichte trotz anf\u00e4nglicher Unsicherheit zur Teilnahme am Wettkampf einen beachtlichen 3. Platz. Als Leichtester der Gewichtsklasse bis 46 kg trat er als Poolsieger der Vorrundenk\u00e4mpfe in die Hauptrunde ein. In einem harten Kampf um den Einzug ins Finale hatte es Lorentz mit einem starken Gegner zu tun. \u00dcberraschend warf er einen sch\u00f6nen Ippon, der allerdings vom Kampfrichter nur mit einem Waza- ari (halber Punkt) honoriert wurde. Anschlie\u00dfend verlor Lorentz, gewann allerdings den Kampf um Platz drei und somit eine Bronzemedaille. Lorentz braucht keine Angst vor Wettk\u00e4mpfen zu haben, denn seine vorbildliche Teilnahme am Training zahlt sich auch aus. <strong>Lena<\/strong> bestritt in der Gewichtsklasse bis 40 kg insgesamt vier K\u00e4mpfe, erreichte aber leider keine Platzierung, da sie als F\u00fcnfte der Vorrundenk\u00e4mpfe nicht in die Hauptrunde einziehen konnte. Wenn Lena an ihrer Schnelligkeit und Spritzigkeit arbeitet, k\u00f6nnte sie demn\u00e4chst auch f\u00fcr \u00dcberraschungen sorgen. <strong>Denise<\/strong> startete ebenfalls in der Gewichtsklasse bis 40 kg. Nach insgesamt sechs anstrengenden K\u00e4mpfen, verpasste sie leider knapp eine Bronzemedaille und erreichte somit einen 5. Platz. Denise konnte drei ihrer K\u00e4mpfe gewinnen.<\/p>\n<ul>\n<li>2. Platz\u00a0\u00a0\u00a0\u00a0\u00a0 Karoline<\/li>\n<li>3. Platz\u00a0\u00a0\u00a0\u00a0\u00a0 Lorentz<\/li>\n<li>5. Platz\u00a0\u00a0\u00a0\u00a0\u00a0 Robin<\/li>\n<li>5. Platz\u00a0\u00a0\u00a0\u00a0\u00a0 Denise<\/li>\n<li>7. Platz\u00a0\u00a0\u00a0\u00a0\u00a0\u00a0 Frederik<\/li>\n<li>7. Platz\u00a0\u00a0\u00a0\u00a0\u00a0\u00a0 Luca<\/li>\n<li>9. Platz\u00a0\u00a0\u00a0\u00a0\u00a0 Justin<\/li>\n<\/ul>\n<p>Die PKJL freut sich \u00fcber die rege Teilnahme am Wettkampf und das beherzte Auftreten unserer Sportler. Wir w\u00fcnschen einen &#8222;Herzlichen Gl\u00fcckwunsch&#8220;. Bleibt mit Freude und Ehrgeiz dabei!<\/p>\n","protected":false},"excerpt":{"rendered":"<p>Am Wochenende, 12.\/13. Mai,\u00a0 fuhren 10 Judokas der PKJL zum Spree- Cup nach F\u00fcrstenwalde und zeigten bei dem gut besetzten Turnier ihr sportliches K\u00f6nnen.<\/p>\n","protected":false},"author":1,"featured_media":0,"comment_status":"closed","ping_status":"closed","sticky":false,"template":"","format":"standard","meta":{"footnotes":""},"categories":[1],"tags":[],"class_list":["post-839","post","type-post","status-publish","format-standard","hentry","category-allgemein"],"_links":{"self":[{"href":"https:\/\/pkjl-brandenburg.de\/index.php?rest_route=\/wp\/v2\/posts\/839","targetHints":{"allow":["GET"]}}],"collection":[{"href":"https:\/\/pkjl-brandenburg.de\/index.php?rest_route=\/wp\/v2\/posts"}],"about":[{"href":"https:\/\/pkjl-brandenburg.de\/index.php?rest_route=\/wp\/v2\/types\/post"}],"author":[{"embeddable":true,"href":"https:\/\/pkjl-brandenburg.de\/index.php?rest_route=\/wp\/v2\/users\/1"}],"replies":[{"embeddable":true,"href":"https:\/\/pkjl-brandenburg.de\/index.php?rest_route=%2Fwp%2Fv2%2Fcomments&post=839"}],"version-history":[{"count":19,"href":"https:\/\/pkjl-brandenburg.de\/index.php?rest_route=\/wp\/v2\/posts\/839\/revisions"}],"predecessor-version":[{"id":1343,"href":"https:\/\/pkjl-brandenburg.de\/index.php?rest_route=\/wp\/v2\/posts\/839\/revisions\/1343"}],"wp:attachment":[{"href":"https:\/\/pkjl-brandenburg.de\/index.php?rest_route=%2Fwp%2Fv2%2Fmedia&parent=839"}],"wp:term":[{"taxonomy":"category","embeddable":true,"href":"https:\/\/pkjl-brandenburg.de\/index.php?rest_route=%2Fwp%2Fv2%2Fcategories&post=839"},{"taxonomy":"post_tag","embeddable":true,"href":"https:\/\/pkjl-brandenburg.de\/index.php?rest_route=%2Fwp%2Fv2%2Ftags&post=839"}],"curies":[{"name":"wp","href":"https:\/\/api.w.org\/{rel}","templated":true}]}}