{"id":807,"date":"2012-04-11T07:33:55","date_gmt":"2012-04-11T07:33:55","guid":{"rendered":"http:\/\/pkjl-brandenburg.de\/?p=807"},"modified":"2017-06-02T12:34:58","modified_gmt":"2017-06-02T12:34:58","slug":"kerstin-schmidtsdorf-im-schlos-schwerin-geehrt","status":"publish","type":"post","link":"https:\/\/pkjl-brandenburg.de\/?p=807","title":{"rendered":"Kerstin Schmidtsdorf im Schlo\u00df Schwerin geehrt"},"content":{"rendered":"<p>Zur Ehrung geladen hatten das Deutsche Polizeisportkuratorium (DPSK) und der Minister f\u00fcr Inneres und Sport des Landes Mecklenburg-Vorpommern Polizeibeamte\/Polizeibeamtinnen aus allen Bundesl\u00e4nder und der Bundespolizei. Zum Schlo\u00df Schwerin begaben sich die Polizeibeamten in Ausgehuniform.<br \/>\nDie Ehrungen fand in verschiedenen Kategorien statt:<!--more--> &#8211; Sportler\/Sportlerin mit Sportf\u00f6rderung<br \/>\n&#8211; Sportlerinnen ohne Sportf\u00f6rderung<br \/>\n&#8211; Sportler ohne Sportf\u00f6rderung<br \/>\n&#8211; Mannschaft<\/p>\n<p>Polizeikommissar Kerstin Schmidtsdorf wurde in der Kategorie Sportlerin ohne Sportf\u00f6rderung geehrt und belegte Platz 3. Dies ist der Lohn f\u00fcr herausragende sportliche Leistungen 2011 und eine langj\u00e4hrige erfolgreiche Teilnahme am Wettkampfsport in der Polizei und au\u00dferhalb in der PSG Dynamo Brandenburg (Abt. PKJL,SUMO).<br \/>\nSie wurde f\u00fcr folgende Leistungen geehrt.<\/p>\n<p>JUDO<br \/>\n&#8211; 3.Platz bei den Europ\u00e4ischen Polizeimeisterschaften in Paris, Frankreich<br \/>\n&#8211; Landesmeisterin bei den Landespolizeimeisterschaften in Brandenburg<\/p>\n<p>Ju-Jutsu<\/p>\n<p>2.Platz bei den Deutschen Polizeimeisterschaft<\/p>\n<p>SUMO<br \/>\n3. Platz bei den Europ\u00e4ischen Meisterschaften<br \/>\nIn Varna , Bulgarien<\/p>\n<p>3. Platz bei den Polish Open Meisterschaft<\/p>\n<p>Sie ist mehrfache Landespolizeimeisterin im Judo, Ju-Jutsu, Medaillengewinnerin bei den Deutschen Polizeimeisterschaften im Judo und Ju-Jutsu.<br \/>\nDie Auszeichnung wurde durch den Minister f\u00fcr Inneres und Sport des Landes Mecklenburg- Vorpommern und Vorsitzender der Innenministerkonferenz, Herr Lorenz Coffier vorgenommen.<br \/>\nKerstin ist die 1. geehrte Sportlerin aus dem Land Brandenburg.<\/p>\n","protected":false},"excerpt":{"rendered":"<p>Zur Ehrung geladen hatten das Deutsche Polizeisportkuratorium (DPSK) und der Minister f\u00fcr Inneres und Sport des Landes Mecklenburg-Vorpommern Polizeibeamte\/Polizeibeamtinnen aus allen Bundesl\u00e4nder und der Bundespolizei. Zum Schlo\u00df Schwerin begaben sich die Polizeibeamten in Ausgehuniform. Die Ehrungen fand in verschiedenen Kategorien statt:<\/p>\n","protected":false},"author":1,"featured_media":0,"comment_status":"closed","ping_status":"closed","sticky":false,"template":"","format":"standard","meta":{"footnotes":""},"categories":[1],"tags":[],"class_list":["post-807","post","type-post","status-publish","format-standard","hentry","category-allgemein"],"_links":{"self":[{"href":"https:\/\/pkjl-brandenburg.de\/index.php?rest_route=\/wp\/v2\/posts\/807","targetHints":{"allow":["GET"]}}],"collection":[{"href":"https:\/\/pkjl-brandenburg.de\/index.php?rest_route=\/wp\/v2\/posts"}],"about":[{"href":"https:\/\/pkjl-brandenburg.de\/index.php?rest_route=\/wp\/v2\/types\/post"}],"author":[{"embeddable":true,"href":"https:\/\/pkjl-brandenburg.de\/index.php?rest_route=\/wp\/v2\/users\/1"}],"replies":[{"embeddable":true,"href":"https:\/\/pkjl-brandenburg.de\/index.php?rest_route=%2Fwp%2Fv2%2Fcomments&post=807"}],"version-history":[{"count":5,"href":"https:\/\/pkjl-brandenburg.de\/index.php?rest_route=\/wp\/v2\/posts\/807\/revisions"}],"predecessor-version":[{"id":813,"href":"https:\/\/pkjl-brandenburg.de\/index.php?rest_route=\/wp\/v2\/posts\/807\/revisions\/813"}],"wp:attachment":[{"href":"https:\/\/pkjl-brandenburg.de\/index.php?rest_route=%2Fwp%2Fv2%2Fmedia&parent=807"}],"wp:term":[{"taxonomy":"category","embeddable":true,"href":"https:\/\/pkjl-brandenburg.de\/index.php?rest_route=%2Fwp%2Fv2%2Fcategories&post=807"},{"taxonomy":"post_tag","embeddable":true,"href":"https:\/\/pkjl-brandenburg.de\/index.php?rest_route=%2Fwp%2Fv2%2Ftags&post=807"}],"curies":[{"name":"wp","href":"https:\/\/api.w.org\/{rel}","templated":true}]}}