{"id":794,"date":"2012-04-03T14:57:04","date_gmt":"2012-04-03T14:57:04","guid":{"rendered":"http:\/\/pkjl-brandenburg.de\/?p=794"},"modified":"2019-07-30T11:58:18","modified_gmt":"2019-07-30T11:58:18","slug":"silber-fur-josi-in-berlin","status":"publish","type":"post","link":"https:\/\/pkjl-brandenburg.de\/?p=794","title":{"rendered":"Josi gewinnt Silber in Berlin"},"content":{"rendered":"<p style=\"text-align: left;\"><a rel=\"attachment wp-att-801\" href=\"http:\/\/pkjl-brandenburg.de\/?attachment_id=801\"><img loading=\"lazy\" decoding=\"async\" class=\"alignleft size-full wp-image-801\" title=\"josi\" src=\"http:\/\/pkjl-brandenburg.de\/wp-content\/uploads\/josi1.jpg\" alt=\"\" width=\"123\" height=\"149\" \/><\/a>Mit gro\u00dfem k\u00e4mpferischen Einsatz erreichte Josi beim 7. Georg- Knorr- Cup der U15 einen zweiten Platz. Sie konnte sich in der Gewichtsklasse +63 kg unter den 12 Teilnehmern bis ins Finale durchsetzen und verlor nur knapp gegen die sp\u00e4tere Siegerin.\u00a0 Wir w\u00fcnschen Josi weiterhin viel Erfolg bei den n\u00e4chsten Wettk\u00e4mpfen und sagen &#8222;Herzlichen Gl\u00fcckwunsch&#8220; zur gewonnenen Silbermedaille!<\/p>\n","protected":false},"excerpt":{"rendered":"<p>Mit gro\u00dfem k\u00e4mpferischen Einsatz erreichte Josi beim 7. Georg- Knorr- Cup der U15 einen zweiten Platz. Sie konnte sich in der Gewichtsklasse +63 kg unter den 12 Teilnehmern bis ins Finale durchsetzen und verlor nur knapp gegen die sp\u00e4tere Siegerin.\u00a0 Wir w\u00fcnschen Josi weiterhin viel Erfolg bei den n\u00e4chsten Wettk\u00e4mpfen und sagen &#8222;Herzlichen Gl\u00fcckwunsch&#8220; zur [&hellip;]<\/p>\n","protected":false},"author":1,"featured_media":0,"comment_status":"closed","ping_status":"closed","sticky":false,"template":"","format":"standard","meta":{"footnotes":""},"categories":[1],"tags":[],"class_list":["post-794","post","type-post","status-publish","format-standard","hentry","category-allgemein"],"_links":{"self":[{"href":"https:\/\/pkjl-brandenburg.de\/index.php?rest_route=\/wp\/v2\/posts\/794","targetHints":{"allow":["GET"]}}],"collection":[{"href":"https:\/\/pkjl-brandenburg.de\/index.php?rest_route=\/wp\/v2\/posts"}],"about":[{"href":"https:\/\/pkjl-brandenburg.de\/index.php?rest_route=\/wp\/v2\/types\/post"}],"author":[{"embeddable":true,"href":"https:\/\/pkjl-brandenburg.de\/index.php?rest_route=\/wp\/v2\/users\/1"}],"replies":[{"embeddable":true,"href":"https:\/\/pkjl-brandenburg.de\/index.php?rest_route=%2Fwp%2Fv2%2Fcomments&post=794"}],"version-history":[{"count":7,"href":"https:\/\/pkjl-brandenburg.de\/index.php?rest_route=\/wp\/v2\/posts\/794\/revisions"}],"predecessor-version":[{"id":796,"href":"https:\/\/pkjl-brandenburg.de\/index.php?rest_route=\/wp\/v2\/posts\/794\/revisions\/796"}],"wp:attachment":[{"href":"https:\/\/pkjl-brandenburg.de\/index.php?rest_route=%2Fwp%2Fv2%2Fmedia&parent=794"}],"wp:term":[{"taxonomy":"category","embeddable":true,"href":"https:\/\/pkjl-brandenburg.de\/index.php?rest_route=%2Fwp%2Fv2%2Fcategories&post=794"},{"taxonomy":"post_tag","embeddable":true,"href":"https:\/\/pkjl-brandenburg.de\/index.php?rest_route=%2Fwp%2Fv2%2Ftags&post=794"}],"curies":[{"name":"wp","href":"https:\/\/api.w.org\/{rel}","templated":true}]}}