{"id":775,"date":"2012-03-31T23:26:05","date_gmt":"2012-03-31T23:26:05","guid":{"rendered":"http:\/\/pkjl-brandenburg.de\/?p=775"},"modified":"2017-06-02T12:35:05","modified_gmt":"2017-06-02T12:35:05","slug":"wettkampf-in-bad-belzig","status":"publish","type":"post","link":"https:\/\/pkjl-brandenburg.de\/?p=775","title":{"rendered":"Gelungener Jahresauftakt beim Belziger Pokalturnier"},"content":{"rendered":"<p><a href=\"http:\/\/pkjl-brandenburg.de\/wp-content\/uploads\/IMG_0706.jpg\"><img loading=\"lazy\" decoding=\"async\" class=\"alignleft size-thumbnail wp-image-776\" title=\"IMG_0706\" src=\"http:\/\/pkjl-brandenburg.de\/wp-content\/uploads\/IMG_0706-150x150.jpg\" alt=\"\" width=\"150\" height=\"150\" \/><\/a><br \/>\n<a href=\"http:\/\/pkjl-brandenburg.de\/wp-content\/uploads\/IMG_0713.jpg\"><img loading=\"lazy\" decoding=\"async\" class=\"alignright size-thumbnail wp-image-777\" title=\"IMG_0713\" src=\"http:\/\/pkjl-brandenburg.de\/wp-content\/uploads\/IMG_0713-150x150.jpg\" alt=\"\" width=\"150\" height=\"150\" \/><\/a><br \/>\nMehr als 400 Sportler nahmen am Samstag, den 31.03.2012 am 14. Bad Belziger Pokalturnier teil. Auch unsere Judoka zeigten bei ihrem ersten Wettkampf des Jahres ihr k\u00e4mpferisches K\u00f6nnen.<!--more--><br \/>\nIn der U12 gingen Frederik, Luis und Robin motiviert auf die Matte und bewiesen, dass sie in den vergangenen Monaten flei\u00dfig trainiert hatten.<br \/>\n<a rel=\"attachment wp-att-804\" href=\"http:\/\/pkjl-brandenburg.de\/?attachment_id=804\"><img loading=\"lazy\" decoding=\"async\" class=\"aligncenter size-medium wp-image-804\" title=\"VLUU L100, M100  \/ Samsung L100, M100\" src=\"http:\/\/pkjl-brandenburg.de\/wp-content\/uploads\/022-300x200.jpg\" alt=\"\" width=\"300\" height=\"200\" srcset=\"https:\/\/pkjl-brandenburg.de\/wp-content\/uploads\/022-300x200.jpg 300w, https:\/\/pkjl-brandenburg.de\/wp-content\/uploads\/022-1024x682.jpg 1024w\" sizes=\"auto, (max-width: 300px) 100vw, 300px\" \/><\/a>Robin (links im Bild) gewann zwei seiner K\u00e4mpfe und wurde von Trainer Fred K\u00f6ppen f\u00fcr seinen \u201ebeispielhaften Kampfgeist und das mutige Auftreten\u201c gelobt. Frederik (rechts im Bild) stellte ebenfalls seinen Trainer sehr zufrieden. Er k\u00e4mpfte selbstsicher und souver\u00e4n und verpasste nur knapp den Einzug ins Finale. Mit einer erst neu erlernten Technik erzielte Frederik in seinem letzten Kampf einen Yuko (kleine Wertung) und gewann somit eine verdiente Bronzemedaille! Auch Luis konnte seinen Wettkampf mit einer Medaille beenden. Er gewann seine ersten K\u00e4mpfe durch einen schnellen \u00dcbergang vom Stand in den Boden und besiegte seine Gegner letztlich mit einer Festhaltetechnik. In einem ausgeglichenen Finale k\u00e4mpfte Luis konzentriert weiter und verlor dieses nur knapp mit einem Hantei (Kampfrichterentscheid), so dass er am Ende einen zweiten Platz belegte.<br \/>\nIn der U14 k\u00e4mpften Denise, Lena und Rainer. Leider schieden alle drei trotz guter Leistungen vorzeitig aus.<br \/>\nAnne sicherte sich in der U20 einen souver\u00e4nen ersten Platz und auch Jenny erk\u00e4mpfte bei den Frauen eine Silbermedaille. Beide Sportlerinnen zeigten auf der Matte ihr technisches K\u00f6nnen und bewiesen ihr Judo- Talent.<\/p>\n<p>Die PKJL w\u00fcnscht allen Platzierten \u201eHerzlichen Gl\u00fcckwunsch\u201c!<\/p>\n","protected":false},"excerpt":{"rendered":"<p>Mehr als 400 Sportler nahmen am Samstag, den 31.03.2012 am 14. Bad Belziger Pokalturnier teil. Auch unsere Judoka zeigten bei ihrem ersten Wettkampf des Jahres ihr k\u00e4mpferisches K\u00f6nnen.<\/p>\n","protected":false},"author":1,"featured_media":0,"comment_status":"closed","ping_status":"closed","sticky":false,"template":"","format":"standard","meta":{"footnotes":""},"categories":[1],"tags":[],"class_list":["post-775","post","type-post","status-publish","format-standard","hentry","category-allgemein"],"_links":{"self":[{"href":"https:\/\/pkjl-brandenburg.de\/index.php?rest_route=\/wp\/v2\/posts\/775","targetHints":{"allow":["GET"]}}],"collection":[{"href":"https:\/\/pkjl-brandenburg.de\/index.php?rest_route=\/wp\/v2\/posts"}],"about":[{"href":"https:\/\/pkjl-brandenburg.de\/index.php?rest_route=\/wp\/v2\/types\/post"}],"author":[{"embeddable":true,"href":"https:\/\/pkjl-brandenburg.de\/index.php?rest_route=\/wp\/v2\/users\/1"}],"replies":[{"embeddable":true,"href":"https:\/\/pkjl-brandenburg.de\/index.php?rest_route=%2Fwp%2Fv2%2Fcomments&post=775"}],"version-history":[{"count":18,"href":"https:\/\/pkjl-brandenburg.de\/index.php?rest_route=\/wp\/v2\/posts\/775\/revisions"}],"predecessor-version":[{"id":1349,"href":"https:\/\/pkjl-brandenburg.de\/index.php?rest_route=\/wp\/v2\/posts\/775\/revisions\/1349"}],"wp:attachment":[{"href":"https:\/\/pkjl-brandenburg.de\/index.php?rest_route=%2Fwp%2Fv2%2Fmedia&parent=775"}],"wp:term":[{"taxonomy":"category","embeddable":true,"href":"https:\/\/pkjl-brandenburg.de\/index.php?rest_route=%2Fwp%2Fv2%2Fcategories&post=775"},{"taxonomy":"post_tag","embeddable":true,"href":"https:\/\/pkjl-brandenburg.de\/index.php?rest_route=%2Fwp%2Fv2%2Ftags&post=775"}],"curies":[{"name":"wp","href":"https:\/\/api.w.org\/{rel}","templated":true}]}}