{"id":600,"date":"2011-05-17T20:33:07","date_gmt":"2011-05-17T20:33:07","guid":{"rendered":"http:\/\/pkjl-brandenburg.de\/?p=600"},"modified":"2019-07-31T08:20:15","modified_gmt":"2019-07-31T08:20:15","slug":"junge-trainingsgruppe-der-psg-%e2%80%93-peter-kamrath%c2%b4s-judoligen-auf-reisen","status":"publish","type":"post","link":"https:\/\/pkjl-brandenburg.de\/?p=600","title":{"rendered":"Junge Trainingsgruppe der PSG \u2013 Peter Kamrath\u00b4s Judoligen auf Reisen"},"content":{"rendered":"<p><a href=\"http:\/\/pkjl-brandenburg.de\/wp-content\/uploads\/Mannschaft.jpg\"><img loading=\"lazy\" decoding=\"async\" class=\"alignleft size-medium wp-image-601\" title=\"Mannschaft\" src=\"http:\/\/pkjl-brandenburg.de\/wp-content\/uploads\/Mannschaft-300x225.jpg\" alt=\"\" width=\"300\" height=\"225\" srcset=\"https:\/\/pkjl-brandenburg.de\/wp-content\/uploads\/Mannschaft-300x225.jpg 300w, https:\/\/pkjl-brandenburg.de\/wp-content\/uploads\/Mannschaft.jpg 400w\" sizes=\"auto, (max-width: 300px) 100vw, 300px\" \/><\/a>Am 15.05.2011 fand ein Bambini &#8211; Turnier der m\u00e4nnlichen und weiblichen AK 9 statt und zum Gelingen der Veranstaltung hat der Veranstalter sehr gute \u00a0Bedingungen geschaffen. Die kleine PSG &#8211;\u00a0 Delegation von der Abteilung Peter Kamraths Judo &#8211; Ligen mit 6 Jungen und 5 M\u00e4dchen hat am Sonntag dank der Unterst\u00fctzung vom Dienstleistungsunternehmen Dreihardt, dem Taxi Unternehmen Beate Huth und den mitreisenden Eltern die Reise nach Hoppegarten angetreten.<!--more--><\/p>\n<p>Christin Steinbach hat hier nach ihrer sehr gut bestandenen Kampfrichterpr\u00fcfung ihren ersten Einsatz vor den Kinder pr\u00e4chtig bestanden.<\/p>\n<p>Die \u00dcbungsleiter Katharina Hilger und Fred K\u00f6ppen hatten gro\u00dfe Freude an den Fortschritten ihrer Kidis. Alle hatten noch am Samstag den einen oder anderen Trick bei der Bundesliga der Frauen von ihrer \u00dcbungsleiterin auf der Matte abgeguckt. Die Kids waren stolz auf die gesehenen Leistungen und wollten alles zeigen was sie gelernt hatten. Es waren tolle K\u00e4mpfe auf den Matten zu sehen und alle konnten eine Medaille erk\u00e4mpfen. Denise Sureck war an diesem Tag nicht zu schlagen und belegte den 1.Platz, Kim Varo\u00df hatte ein wenig Pech bei der Bewertung, aber auch ihr 2.Platz ist toll. Weitere Drittplatzierungen sind\u00a0 Leonie \u2013 Jane \u00a0Zuckschwerdt, Lena Koslowski und nach l\u00e4ngerer Krankheitspause gewann\u00a0Caroline Banisch auch noch Bronze.<\/p>\n<p>Die Jungen waren noch ein wenig besser aufgelegt, aber das war die Tagesform. Der Bruder von Caroline, Frederik Banisch zeigte sehr sch\u00f6ne \u00dcberg\u00e4nge vom Stand in den Boden und gewann\u00a0klar vorzeitig seine drei K\u00e4mpfe. Zweite Pl\u00e4tze erk\u00e4mpfte sich unser K\u00fcken Haakon Haubik, aber auch Luis Waese, Reiner Hasche und Lorenz Karow holten sich eine Silbermedaille. Jerom B\u00f6ttcher gewann zum Abschluss die Bronzemedaille.<\/p>\n<table>\n<tr>\n<td><a href=\"http:\/\/pkjl-brandenburg.de\/wp-content\/uploads\/IMG_2831.jpg\"><img loading=\"lazy\" decoding=\"async\" class=\"alignleft size-medium wp-image-610\" title=\"IMG_2831\" src=\"http:\/\/pkjl-brandenburg.de\/wp-content\/uploads\/IMG_2831-300x225.jpg\" alt=\"\" width=\"300\" height=\"225\" srcset=\"https:\/\/pkjl-brandenburg.de\/wp-content\/uploads\/IMG_2831-300x225.jpg 300w, https:\/\/pkjl-brandenburg.de\/wp-content\/uploads\/IMG_2831-1024x768.jpg 1024w, https:\/\/pkjl-brandenburg.de\/wp-content\/uploads\/IMG_2831.jpg 1600w\" sizes=\"auto, (max-width: 300px) 100vw, 300px\" \/><\/a><\/th>\n<td><a href=\"http:\/\/pkjl-brandenburg.de\/wp-content\/uploads\/IMG_2818.jpg\"><img loading=\"lazy\" decoding=\"async\" class=\"alignleft size-medium wp-image-612\" title=\"IMG_2818\" src=\"http:\/\/pkjl-brandenburg.de\/wp-content\/uploads\/IMG_2818-300x225.jpg\" alt=\"\" width=\"300\" height=\"225\" srcset=\"https:\/\/pkjl-brandenburg.de\/wp-content\/uploads\/IMG_2818-300x225.jpg 300w, https:\/\/pkjl-brandenburg.de\/wp-content\/uploads\/IMG_2818-1024x768.jpg 1024w, https:\/\/pkjl-brandenburg.de\/wp-content\/uploads\/IMG_2818.jpg 1600w\" sizes=\"auto, (max-width: 300px) 100vw, 300px\" \/><\/a><\/td>\n<\/tr>\n<tr>\n<td>\n<a href=\"http:\/\/pkjl-brandenburg.de\/wp-content\/uploads\/IMG_2828.jpg\"><img loading=\"lazy\" decoding=\"async\" class=\"alignleft size-medium wp-image-611\" title=\"IMG_2828\" src=\"http:\/\/pkjl-brandenburg.de\/wp-content\/uploads\/IMG_2828-300x225.jpg\" alt=\"\" width=\"300\" height=\"225\" srcset=\"https:\/\/pkjl-brandenburg.de\/wp-content\/uploads\/IMG_2828-300x225.jpg 300w, https:\/\/pkjl-brandenburg.de\/wp-content\/uploads\/IMG_2828-1024x768.jpg 1024w, https:\/\/pkjl-brandenburg.de\/wp-content\/uploads\/IMG_2828.jpg 1600w\" sizes=\"auto, (max-width: 300px) 100vw, 300px\" \/><\/a><\/td>\n<td><a href=\"http:\/\/pkjl-brandenburg.de\/wp-content\/uploads\/IMG_2783.jpg\"><img loading=\"lazy\" decoding=\"async\" class=\"alignleft size-medium wp-image-613\" title=\"IMG_2783\" src=\"http:\/\/pkjl-brandenburg.de\/wp-content\/uploads\/IMG_2783-300x225.jpg\" alt=\"\" width=\"300\" height=\"225\" srcset=\"https:\/\/pkjl-brandenburg.de\/wp-content\/uploads\/IMG_2783-300x225.jpg 300w, https:\/\/pkjl-brandenburg.de\/wp-content\/uploads\/IMG_2783-1024x768.jpg 1024w, https:\/\/pkjl-brandenburg.de\/wp-content\/uploads\/IMG_2783.jpg 1600w\" sizes=\"auto, (max-width: 300px) 100vw, 300px\" \/><\/a><\/td>\n<\/tr>\n<\/table>\n<p>Anschlie\u00dfend konnten die Kinder und ihre Eltern den ersten Kampftag der Regionalliga in Hoppegarten verfolgen. Leider gingen die Brandenburger durch vier Ausf\u00e4lle geschw\u00e4cht an den Start und f\u00fcr den Ausfall von 60 kg hatten wir nicht einmal einen Ersatzk\u00e4mpfer. Die M\u00e4nner haben sich der \u00dcbermacht der Gegner gestellt und ihr Bestes daraus gemacht.<\/p>\n<p>Gegen den PSV Berlin wurde 5 :2 verloren und f\u00fcr die Ehrenpunkte sorgten bis 66 kg Gregor Wenzel und der sehr gut aufgelegte Fred K\u00f6ppen im Schwergewicht, der seinen Gegner festhielt. Im 2.Duell gegen den Aufstiegsanw\u00e4rter aus Hoppegarten siegten Dirk Lehmann bis 100 kg und wiederum Fred K\u00f6ppen im Schwergewicht mit einem sehr sch\u00f6nen Harai \u2013 Goshi (H\u00fcftfeger). Auch hier war kein besseres Ergebnis als 2 : 5\u00a0 Niederlage zu holen gewesen. Wir hoffen, bei der n\u00e4chsten Runde unsere Mannschaft vollz\u00e4hlig auf die Matte zu bringen und unser Ziel ein Mittelfeldplatz zu erreichen, haben wir nach der ersten Runde noch nicht aufgegeben.<\/p>\n","protected":false},"excerpt":{"rendered":"<p>Am 15.05.2011 fand ein Bambini &#8211; Turnier der m\u00e4nnlichen und weiblichen AK 9 statt und zum Gelingen der Veranstaltung hat der Veranstalter sehr gute \u00a0Bedingungen geschaffen. Die kleine PSG &#8211;\u00a0 Delegation von der Abteilung Peter Kamraths Judo &#8211; Ligen mit 6 Jungen und 5 M\u00e4dchen hat am Sonntag dank der Unterst\u00fctzung vom Dienstleistungsunternehmen Dreihardt, dem [&hellip;]<\/p>\n","protected":false},"author":1,"featured_media":0,"comment_status":"closed","ping_status":"closed","sticky":false,"template":"","format":"standard","meta":{"footnotes":""},"categories":[1],"tags":[],"class_list":["post-600","post","type-post","status-publish","format-standard","hentry","category-allgemein"],"_links":{"self":[{"href":"https:\/\/pkjl-brandenburg.de\/index.php?rest_route=\/wp\/v2\/posts\/600","targetHints":{"allow":["GET"]}}],"collection":[{"href":"https:\/\/pkjl-brandenburg.de\/index.php?rest_route=\/wp\/v2\/posts"}],"about":[{"href":"https:\/\/pkjl-brandenburg.de\/index.php?rest_route=\/wp\/v2\/types\/post"}],"author":[{"embeddable":true,"href":"https:\/\/pkjl-brandenburg.de\/index.php?rest_route=\/wp\/v2\/users\/1"}],"replies":[{"embeddable":true,"href":"https:\/\/pkjl-brandenburg.de\/index.php?rest_route=%2Fwp%2Fv2%2Fcomments&post=600"}],"version-history":[{"count":13,"href":"https:\/\/pkjl-brandenburg.de\/index.php?rest_route=\/wp\/v2\/posts\/600\/revisions"}],"predecessor-version":[{"id":620,"href":"https:\/\/pkjl-brandenburg.de\/index.php?rest_route=\/wp\/v2\/posts\/600\/revisions\/620"}],"wp:attachment":[{"href":"https:\/\/pkjl-brandenburg.de\/index.php?rest_route=%2Fwp%2Fv2%2Fmedia&parent=600"}],"wp:term":[{"taxonomy":"category","embeddable":true,"href":"https:\/\/pkjl-brandenburg.de\/index.php?rest_route=%2Fwp%2Fv2%2Fcategories&post=600"},{"taxonomy":"post_tag","embeddable":true,"href":"https:\/\/pkjl-brandenburg.de\/index.php?rest_route=%2Fwp%2Fv2%2Ftags&post=600"}],"curies":[{"name":"wp","href":"https:\/\/api.w.org\/{rel}","templated":true}]}}