{"id":1469,"date":"2024-03-17T16:03:07","date_gmt":"2024-03-17T16:03:07","guid":{"rendered":"http:\/\/pkjl-brandenburg.de\/?p=1469"},"modified":"2024-03-17T16:24:11","modified_gmt":"2024-03-17T16:24:11","slug":"legt-euch-nicht-mit-brandenburgs-sumotori-anzwischen-bronze-silber-und-gold-stellen-psg-dynamo-sumotori-taschendiebin-in-mailand","status":"publish","type":"post","link":"https:\/\/pkjl-brandenburg.de\/?p=1469","title":{"rendered":"Legt euch nicht mit Brandenburgs Sumotori anZwischen Bronze, Silber und Gold stellen PSG Dynamo Sumotori Taschendiebin in Mailand"},"content":{"rendered":"\n<pre class=\"wp-block-code\"><code>    \nEine kleine Gruppe Sumotori machte sich im VW Kleinbus vom Autohaus MOTHOR auf den Weg zum internationalen Turnier nach Mailand\/ Italien.<\/code><\/pre>\n\n\n\n<figure class=\"wp-block-image\"><img loading=\"lazy\" decoding=\"async\" width=\"1600\" height=\"974\" src=\"http:\/\/pkjl-brandenburg.de\/wp-content\/uploads\/Milan-3.jpg\" alt=\"\" class=\"wp-image-1499\" srcset=\"https:\/\/pkjl-brandenburg.de\/wp-content\/uploads\/Milan-3.jpg 1600w, https:\/\/pkjl-brandenburg.de\/wp-content\/uploads\/Milan-3-300x183.jpg 300w, https:\/\/pkjl-brandenburg.de\/wp-content\/uploads\/Milan-3-1024x623.jpg 1024w, https:\/\/pkjl-brandenburg.de\/wp-content\/uploads\/Milan-3-768x468.jpg 768w, https:\/\/pkjl-brandenburg.de\/wp-content\/uploads\/Milan-3-1536x935.jpg 1536w\" sizes=\"auto, (max-width: 1600px) 100vw, 1600px\" \/><\/figure>\n\n\n\n<p>Unsere Reise f\u00fchrte uns durch Sonne, Regen, Schnee \u00fcber den Brenner in Mailands Au\u00dfenbezirk. Eine wundersch\u00f6ne, stilvoll eingerichtete Villa war f\u00fcr die n\u00e4chsten 3 Tage unser zu Hause.<\/p>\n\n\n\n<p>Am Freitag hie\u00df es bereits gemeinsames Training und am Nachmittag begannen erst f\u00fcr die Bambinis der Wettkampf und ab 18.00 Uhr standen unsere U13 Kinder im Ring.<\/p>\n\n\n\n<p>In der Gewichtsklasse bis 45 kg ging Leonie Brisch ,die Sch\u00fclerin der Grundschule \u201eWir\u201c in den Kampf und zeigte souver\u00e4n wer Chef im Ring ist. Sie siegte gegen ihre 3 Gegnerinnen aus verschiedenen Vereinen Italiens und sicherte sich die Goldmedaille.<\/p>\n\n\n\n<p>Im Schwergewicht +55kg stiegen Elisa Buchholz und Lotta Edeler in den Ring.<br>Elisa wurde extra von ihrer Reha freigestellt und von ihrer Mama 500 km zum Wettkampf gefahren. Sport muss man lieben und leben, gro\u00dfen Respekt.<br>Lotta Edeler besucht die Fontane Grundschule und tr\u00e4gt nicht nur dazu bei unseren Verein, sondern auch ihre Schule und unsere Stadt \u00fcber die Landesgrenzen hinaus bekannt zu machen. Beide Sportlerinnen pr\u00e4sentierten sich in sehr guter Tagesform, man darf die 12 Stunden Autofahrt in den Knochen nicht vergessen. Nur Verena Bondioni aus Mailand, die bereits schon bei den Kadetten Europameisterschaft k\u00e4mpfte, konnte unsere beiden M\u00e4dchen stoppen. Damit sicherte sich Elisa Buchholz die Silbermedaille und Lotta Edeler die Bronzemedaille.<\/p>\n\n\n\n<p>Alle drei M\u00e4dchen gingen in der Open Kategorie, ohne Gewichtsbegrenzung noch einmal in den Ring. F\u00fcr Leonie war leider fr\u00fchzeitig Schluss, aber Elisa und Lotta erk\u00e4mpften sich in dem 18 k\u00f6pfige Teilnehmerfeld jeweils den 5. Platz.<\/p>\n\n\n\n<p>Unsere jungen Herren Alexander Jack und Elias Witmaier war die Nervosit\u00e4t bereits anzusehen. Beide trainieren erst seit Oktober in unserem Verein und sind gl\u00fccklich angekommen zu sein. In dieser kurzen Zeit haben sie bereits gelernt was es hei\u00dft drei mal in der Woche zu trainieren, Muskelkater anzunehmen, nicht alles sofort perfekt zu beherrschen aber ehrgeizig weiter zu trainieren und daf\u00fcr haben sie sich beide belohnt. Alex hat bereits im Januar in Budapest eine Silbermedaille erk\u00e4mpft und dieses Mal sicherte er sich Gold im Schwergewicht +55 kg. Elias bestritt seinen ersten Wettkampf mit Bravour und wurde nur von seinem Vereinskollegen gestoppt, das hei\u00dft beide verwiesen die internationalen K\u00e4mpfer auf die Pl\u00e4tze 3-7. Gold f\u00fcr Alex und Silber f\u00fcr Elias lassen auf eine tolle Zukunft hoffen.<\/p>\n\n\n\n<p>Nat\u00fcrlich k\u00e4mpften beide auch mit in der Open Kategorie und sicherten sich dort im 13 k\u00f6pfigen Teilnehmerfeld jeweils die Bronzemedaille.<\/p>\n\n\n\n<p>Wenn das nicht ein tolles Ergebnis ist 2x Gold, 2x Silber und 3x Bronze f\u00fcr unsere PSG Dynamo Brandenburg Sumotori.<\/p>\n\n\n\n<p>Betreut wurde die Kinder von unserer \u201eBetreuungsomi\u201c Ute Edeler und Trainerin Sandra K\u00f6ppen- Zuckschwerdt. Als Aufpasser, Fahrerwechsel und als Fans waren die Mamas Anja, Netti und Mandy mit an Board und trugen zum gelingen dieser Wettkampfreise bei.<\/p>\n\n\n\n<p>Als Belohnung ging es am Samstag zum Seightseeing mit der Metro in die City. Gro\u00dfe Augen gab es als wir die Treppen aus der Metro hochkamen und dieser wundersch\u00f6ne wei\u00dfe Mail\u00e4nder Dom sich vor uns pr\u00e4sentierte. Ein Bus Shuttle durch Mailand wurde gechartert und ab ging es, ein tolles Erlebnis f\u00fcr uns alle. Nat\u00fcrlich sind wir lecker italienisch Essen gegangen und die leere Teller demonstrierten nicht nur das wir Hunger hatten, nein Pasta und Pizza haben fantastisch geschmeckt.<br>Nach vielen Fotos und dem vorbei schlendern an den Gesch\u00e4ften wo es keine Preise an der Ware gibt und wir \u201eNormalis\u201c nicht reinkommen ging es zur\u00fcck zur Wohnung.<\/p>\n\n\n\n<p>Da sich das Wetter verbessert hatte war es viel voller geworden als auf der Hinfahrt. Wir waren immer bedacht unsere 10 Personen zusammen zu halten, Gott sei Dank. Denn dies sollte uns zu gute kommen. Zwei Erwachsene als erstes in die Metro, dann die Kinder und zum Schluss die n\u00e4chsten zwei Erwachsenen also als Pulk. Komisch war das sich eine Gruppe Frauen an unsere Ute dr\u00fcckten und sie bedr\u00e4ngten, dadurch das Anja und Netti aber die Kinder nach hinten absicherten wurden diese Damen Gott sei Dank mit in die Metro geschoben. Geistesgegenw\u00e4rtig und instinktiv fasste Ute zu ihrer Tasche, diese war nun ge\u00f6ffnet das Handyband hing raus und das Portemonnaie war bereits weg. Panisch schrie sie auf und zeigte auf eine Frau, sofort waren wir vor Ort konfrontierten erst die Dame mit Worten und dann auch ohne und pl\u00f6tzlich viel im Gerangel das Portemonnaie auf den Boden. Alle Papiere, Geld und Karten waren noch vorhanden. Beim n\u00e4chsten halt fl\u00fcchteten die Damen, weil wir uns um die v\u00f6llig aufgel\u00f6ste Ute und unsere verst\u00f6rten Kinder k\u00fcmmern mussten.<\/p>\n\n\n\n<p>Gl\u00fcck im Ungl\u00fcck w\u00fcrde ich es nennen. Diese verbrecherischen Damen haben jedenfalls den Zusammenhalt und die Kraft der Sumotori Brandenburgs kennengelernt!<\/p>\n\n\n\n<figure class=\"wp-block-image\"><img loading=\"lazy\" decoding=\"async\" width=\"1200\" height=\"1600\" src=\"http:\/\/pkjl-brandenburg.de\/wp-content\/uploads\/Milan-1.jpg\" alt=\"\" class=\"wp-image-1497\" srcset=\"https:\/\/pkjl-brandenburg.de\/wp-content\/uploads\/Milan-1.jpg 1200w, https:\/\/pkjl-brandenburg.de\/wp-content\/uploads\/Milan-1-225x300.jpg 225w, https:\/\/pkjl-brandenburg.de\/wp-content\/uploads\/Milan-1-768x1024.jpg 768w, https:\/\/pkjl-brandenburg.de\/wp-content\/uploads\/Milan-1-1152x1536.jpg 1152w\" sizes=\"auto, (max-width: 1200px) 100vw, 1200px\" \/><\/figure>\n\n\n\n<figure class=\"wp-block-image\"><img loading=\"lazy\" decoding=\"async\" width=\"2560\" height=\"1920\" src=\"http:\/\/pkjl-brandenburg.de\/wp-content\/uploads\/Milan-2-scaled.jpg\" alt=\"\" class=\"wp-image-1498\" srcset=\"https:\/\/pkjl-brandenburg.de\/wp-content\/uploads\/Milan-2-scaled.jpg 2560w, https:\/\/pkjl-brandenburg.de\/wp-content\/uploads\/Milan-2-300x225.jpg 300w, https:\/\/pkjl-brandenburg.de\/wp-content\/uploads\/Milan-2-1024x768.jpg 1024w, https:\/\/pkjl-brandenburg.de\/wp-content\/uploads\/Milan-2-768x576.jpg 768w, https:\/\/pkjl-brandenburg.de\/wp-content\/uploads\/Milan-2-1536x1152.jpg 1536w, https:\/\/pkjl-brandenburg.de\/wp-content\/uploads\/Milan-2-2048x1536.jpg 2048w\" sizes=\"auto, (max-width: 2560px) 100vw, 2560px\" \/><\/figure>\n","protected":false},"excerpt":{"rendered":"<p>Unsere Reise f\u00fchrte uns durch Sonne, Regen, Schnee \u00fcber den Brenner in Mailands Au\u00dfenbezirk. Eine wundersch\u00f6ne, stilvoll eingerichtete Villa war f\u00fcr die n\u00e4chsten 3 Tage unser zu Hause. Am Freitag hie\u00df es bereits gemeinsames Training und am Nachmittag begannen erst f\u00fcr die Bambinis der Wettkampf und ab 18.00 Uhr standen unsere U13 Kinder im Ring. [&hellip;]<\/p>\n","protected":false},"author":1,"featured_media":0,"comment_status":"closed","ping_status":"closed","sticky":false,"template":"","format":"standard","meta":{"footnotes":""},"categories":[1,15],"tags":[31],"class_list":["post-1469","post","type-post","status-publish","format-standard","hentry","category-allgemein","category-sportliches","tag-sumo"],"_links":{"self":[{"href":"https:\/\/pkjl-brandenburg.de\/index.php?rest_route=\/wp\/v2\/posts\/1469","targetHints":{"allow":["GET"]}}],"collection":[{"href":"https:\/\/pkjl-brandenburg.de\/index.php?rest_route=\/wp\/v2\/posts"}],"about":[{"href":"https:\/\/pkjl-brandenburg.de\/index.php?rest_route=\/wp\/v2\/types\/post"}],"author":[{"embeddable":true,"href":"https:\/\/pkjl-brandenburg.de\/index.php?rest_route=\/wp\/v2\/users\/1"}],"replies":[{"embeddable":true,"href":"https:\/\/pkjl-brandenburg.de\/index.php?rest_route=%2Fwp%2Fv2%2Fcomments&post=1469"}],"version-history":[{"count":3,"href":"https:\/\/pkjl-brandenburg.de\/index.php?rest_route=\/wp\/v2\/posts\/1469\/revisions"}],"predecessor-version":[{"id":1501,"href":"https:\/\/pkjl-brandenburg.de\/index.php?rest_route=\/wp\/v2\/posts\/1469\/revisions\/1501"}],"wp:attachment":[{"href":"https:\/\/pkjl-brandenburg.de\/index.php?rest_route=%2Fwp%2Fv2%2Fmedia&parent=1469"}],"wp:term":[{"taxonomy":"category","embeddable":true,"href":"https:\/\/pkjl-brandenburg.de\/index.php?rest_route=%2Fwp%2Fv2%2Fcategories&post=1469"},{"taxonomy":"post_tag","embeddable":true,"href":"https:\/\/pkjl-brandenburg.de\/index.php?rest_route=%2Fwp%2Fv2%2Ftags&post=1469"}],"curies":[{"name":"wp","href":"https:\/\/api.w.org\/{rel}","templated":true}]}}