{"id":1292,"date":"2017-03-20T07:36:01","date_gmt":"2017-03-20T07:36:01","guid":{"rendered":"http:\/\/pkjl-brandenburg.de\/?p=1292"},"modified":"2017-06-26T09:11:17","modified_gmt":"2017-06-26T09:11:17","slug":"training-in-konigswusterhausen","status":"publish","type":"post","link":"https:\/\/pkjl-brandenburg.de\/?p=1292","title":{"rendered":"Training in K\u00f6nigswusterhausen"},"content":{"rendered":"<p>Trainer Michael Paul vom JV K\u00f6nigswusterhausen lud die Sumotori aus nah und fern zum gemeinsamen Training in sein DOJO ein. Leider haben die Osnabr\u00fccker Sumotori kurzfristig abgesagt, aber die Brandenburger und Berliner K\u00e4mpfer haben diese Einladung genutzt sich auf die am 11.3.2017 in Brandenburg a.d.H. stattfindenden Deutschen Meisterschaften vorzubereiten. Ausserdem konnte die anwesenden Sportler weiter zusammen wachsen und ihre Freude und liebe zum Sumo sport gemeinsam ausleben. F\u00fcr gro\u00df und klein waren die zwei Trainingseinheiten unter Sandra K\u00f6ppen-Zuckschwerdt und Michael Paul mit viel Technik und vielen K\u00e4mpfen aufgebaut. Frank Knoch agierte als Kampfrichter und wird Elke Nowack und Frank Karstan aus Cottbus bei der DEM in Brandenburg unterst\u00fctzen. Wolfgang Zuckschwerdt pr\u00e4sentierte als Gesch\u00e4ftsf\u00fchrer den Deutschen Sumo-Bund und freute sich \u00fcber das Training.<br \/>\n<a href=\"http:\/\/pkjl-brandenburg.de\/wp-content\/uploads\/IMG_15701.jpg\"><img loading=\"lazy\" decoding=\"async\" class=\"alignleft size-thumbnail wp-image-1295\" title=\"Luca und Jenna\" src=\"http:\/\/pkjl-brandenburg.de\/wp-content\/uploads\/IMG_15701-150x150.jpg\" alt=\"\" width=\"150\" height=\"150\" \/><\/a><a href=\"http:\/\/pkjl-brandenburg.de\/wp-content\/uploads\/IMG_15711.jpg\"><img loading=\"lazy\" decoding=\"async\" class=\"alignleft size-thumbnail wp-image-1296\" title=\"Johannes und Maximilian \" src=\"http:\/\/pkjl-brandenburg.de\/wp-content\/uploads\/IMG_15711-150x150.jpg\" alt=\"\" width=\"150\" height=\"150\" \/><\/a><\/p>\n","protected":false},"excerpt":{"rendered":"<p>Trainer Michael Paul vom JV K\u00f6nigswusterhausen lud die Sumotori aus nah und fern zum gemeinsamen Training in sein DOJO ein. Leider haben die Osnabr\u00fccker Sumotori kurzfristig abgesagt, aber die Brandenburger und Berliner K\u00e4mpfer haben diese Einladung genutzt sich auf die am 11.3.2017 in Brandenburg a.d.H. stattfindenden Deutschen Meisterschaften vorzubereiten. Ausserdem konnte die anwesenden Sportler weiter [&hellip;]<\/p>\n","protected":false},"author":1,"featured_media":0,"comment_status":"closed","ping_status":"closed","sticky":false,"template":"","format":"standard","meta":{"footnotes":""},"categories":[1,15],"tags":[78,31,76],"class_list":["post-1292","post","type-post","status-publish","format-standard","hentry","category-allgemein","category-sportliches","tag-deutscher-sumo-bund","tag-sumo","tag-zuckschwerdt"],"_links":{"self":[{"href":"https:\/\/pkjl-brandenburg.de\/index.php?rest_route=\/wp\/v2\/posts\/1292","targetHints":{"allow":["GET"]}}],"collection":[{"href":"https:\/\/pkjl-brandenburg.de\/index.php?rest_route=\/wp\/v2\/posts"}],"about":[{"href":"https:\/\/pkjl-brandenburg.de\/index.php?rest_route=\/wp\/v2\/types\/post"}],"author":[{"embeddable":true,"href":"https:\/\/pkjl-brandenburg.de\/index.php?rest_route=\/wp\/v2\/users\/1"}],"replies":[{"embeddable":true,"href":"https:\/\/pkjl-brandenburg.de\/index.php?rest_route=%2Fwp%2Fv2%2Fcomments&post=1292"}],"version-history":[{"count":13,"href":"https:\/\/pkjl-brandenburg.de\/index.php?rest_route=\/wp\/v2\/posts\/1292\/revisions"}],"predecessor-version":[{"id":1310,"href":"https:\/\/pkjl-brandenburg.de\/index.php?rest_route=\/wp\/v2\/posts\/1292\/revisions\/1310"}],"wp:attachment":[{"href":"https:\/\/pkjl-brandenburg.de\/index.php?rest_route=%2Fwp%2Fv2%2Fmedia&parent=1292"}],"wp:term":[{"taxonomy":"category","embeddable":true,"href":"https:\/\/pkjl-brandenburg.de\/index.php?rest_route=%2Fwp%2Fv2%2Fcategories&post=1292"},{"taxonomy":"post_tag","embeddable":true,"href":"https:\/\/pkjl-brandenburg.de\/index.php?rest_route=%2Fwp%2Fv2%2Ftags&post=1292"}],"curies":[{"name":"wp","href":"https:\/\/api.w.org\/{rel}","templated":true}]}}