{"id":1254,"date":"2015-08-17T09:06:56","date_gmt":"2015-08-17T09:06:56","guid":{"rendered":"http:\/\/pkjl-brandenburg.de\/?p=1254"},"modified":"2015-08-17T09:06:56","modified_gmt":"2015-08-17T09:06:56","slug":"kyu-prufungen-bei-wolfgang-zuckschwerdt","status":"publish","type":"post","link":"https:\/\/pkjl-brandenburg.de\/?p=1254","title":{"rendered":"Kyu-Pr\u00fcfungen bei Wolfgang Zuckschwerdt"},"content":{"rendered":"<p><a href=\"http:\/\/pkjl-brandenburg.de\/wp-content\/uploads\/Anhang-18.jpg\"><img loading=\"lazy\" decoding=\"async\" src=\"http:\/\/pkjl-brandenburg.de\/wp-content\/uploads\/Anhang-18-173x300.jpg\" alt=\"\" title=\"Anhang 1(8)\" width=\"173\" height=\"300\" class=\"alignleft size-medium wp-image-1255\" srcset=\"https:\/\/pkjl-brandenburg.de\/wp-content\/uploads\/Anhang-18-173x300.jpg 173w, https:\/\/pkjl-brandenburg.de\/wp-content\/uploads\/Anhang-18.jpg 593w\" sizes=\"auto, (max-width: 173px) 100vw, 173px\" \/><\/a>Die Ferien haben unsere kleinen Judoka der PSG DYNAMO genutzt um sich auf ihre G\u00fcrtelpr\u00fcfung vorzubereiten! Den wei\u00df gelben G\u00fcrtel haben Jenna Elaine und Janice Emily bestanden. Sehr stolz den gelb-Orangenen G\u00fcrtel tragen zu d\u00fcrfen ist Lilli Sophie. Herzlichen Gl\u00fcckwunsch und weiter so.<\/p>\n","protected":false},"excerpt":{"rendered":"<p>Die Ferien haben unsere kleinen Judoka der PSG DYNAMO genutzt um sich auf ihre G\u00fcrtelpr\u00fcfung vorzubereiten! Den wei\u00df gelben G\u00fcrtel haben Jenna Elaine und Janice Emily bestanden. Sehr stolz den gelb-Orangenen G\u00fcrtel tragen zu d\u00fcrfen ist Lilli Sophie. Herzlichen Gl\u00fcckwunsch und weiter so.<\/p>\n","protected":false},"author":1,"featured_media":0,"comment_status":"closed","ping_status":"closed","sticky":false,"template":"","format":"standard","meta":{"footnotes":""},"categories":[1],"tags":[],"class_list":["post-1254","post","type-post","status-publish","format-standard","hentry","category-allgemein"],"_links":{"self":[{"href":"https:\/\/pkjl-brandenburg.de\/index.php?rest_route=\/wp\/v2\/posts\/1254","targetHints":{"allow":["GET"]}}],"collection":[{"href":"https:\/\/pkjl-brandenburg.de\/index.php?rest_route=\/wp\/v2\/posts"}],"about":[{"href":"https:\/\/pkjl-brandenburg.de\/index.php?rest_route=\/wp\/v2\/types\/post"}],"author":[{"embeddable":true,"href":"https:\/\/pkjl-brandenburg.de\/index.php?rest_route=\/wp\/v2\/users\/1"}],"replies":[{"embeddable":true,"href":"https:\/\/pkjl-brandenburg.de\/index.php?rest_route=%2Fwp%2Fv2%2Fcomments&post=1254"}],"version-history":[{"count":1,"href":"https:\/\/pkjl-brandenburg.de\/index.php?rest_route=\/wp\/v2\/posts\/1254\/revisions"}],"predecessor-version":[{"id":1256,"href":"https:\/\/pkjl-brandenburg.de\/index.php?rest_route=\/wp\/v2\/posts\/1254\/revisions\/1256"}],"wp:attachment":[{"href":"https:\/\/pkjl-brandenburg.de\/index.php?rest_route=%2Fwp%2Fv2%2Fmedia&parent=1254"}],"wp:term":[{"taxonomy":"category","embeddable":true,"href":"https:\/\/pkjl-brandenburg.de\/index.php?rest_route=%2Fwp%2Fv2%2Fcategories&post=1254"},{"taxonomy":"post_tag","embeddable":true,"href":"https:\/\/pkjl-brandenburg.de\/index.php?rest_route=%2Fwp%2Fv2%2Ftags&post=1254"}],"curies":[{"name":"wp","href":"https:\/\/api.w.org\/{rel}","templated":true}]}}