{"id":1123,"date":"2015-01-11T21:19:55","date_gmt":"2015-01-11T21:19:55","guid":{"rendered":"http:\/\/pkjl-brandenburg.de\/?p=1123"},"modified":"2015-01-11T21:22:55","modified_gmt":"2015-01-11T21:22:55","slug":"kinderweihnachtsfeier-ging-gemutlich-zur-weihnachtfeier-der-grosen-uber","status":"publish","type":"post","link":"https:\/\/pkjl-brandenburg.de\/?p=1123","title":{"rendered":"Kinderweihnachtsfeier ging gem\u00fctlich zur Weihnachtfeier der &#8222;gro\u00dfen&#8220; \u00fcber"},"content":{"rendered":"<p><img loading=\"lazy\" decoding=\"async\" src=\"http:\/\/pkjl-brandenburg.de\/wp-content\/uploads\/Anhang-16-168x300.jpg\" alt=\"\" title=\"Anhang 1\" width=\"168\" height=\"300\" class=\"alignleft size-medium wp-image-1124\" srcset=\"https:\/\/pkjl-brandenburg.de\/wp-content\/uploads\/Anhang-16-168x300.jpg 168w, https:\/\/pkjl-brandenburg.de\/wp-content\/uploads\/Anhang-16.jpg 576w\" sizes=\"auto, (max-width: 168px) 100vw, 168px\" \/><br \/>\nUnser Vorsitzender Herr Grohmann lie\u00df noch einmal das Jahr 2014 Revue passieren! Z\u00e4hlte die Erfolge auf , aber auch die Niederlagen und die Hintergr\u00fcnde! Weiter wurde noch einmal allen Helfern gedankt die daf\u00fcr gesorgt haben, dass unser Jubil\u00e4um ein toller Abend war!<br \/>\nDies war dann auch der \u00dcbergang zu Ehrungen, die zum Jubil\u00e4um bereits geplant waren! Dieter Seeger, Susanne Zuckschwerdt und Dagmar Syrzisko erhielten die Ehrenplakette des Brandenburger Judoverbandes f\u00fcr ihre Jahrzehntelange Arbeit in der PSG! Jenny Jachmann wurde f\u00fcr ihren jahrelangen Einsatz in der Bundesliga und der Organisation von Veranstaltungen der 2.DAN verliehen! J\u00f6rg Jentsch erhielt freudestrahlend den 3.DAN f\u00fcr seine Ehrenamtliche Trainert\u00e4tigkeit in Pritzerbe!<br \/>\nZum Abschluss des offiziellen Teils \u00fcberreichten alle Sportler und Funktion\u00e4re ein Dankesch\u00f6n Pr\u00e4sent an Wolfgang und Sandra Zuckschwerdt , welches ihnen ein sch\u00f6nes Urlaubswochenende erm\u00f6glichen wird!!! Auf ging&#8217;s zum Super leckeren Buffett und nach der St\u00e4rkung z\u00fcckte Dieter die Gitarre! Wir sangen, redeten und feierten bis in die Nacht! Sch\u00f6n war es! <!--more--><br \/>\n<img loading=\"lazy\" decoding=\"async\" src=\"http:\/\/pkjl-brandenburg.de\/wp-content\/uploads\/Anhang-25-169x300.jpg\" alt=\"\" title=\"Anhang 2\" width=\"169\" height=\"300\" class=\"alignleft size-medium wp-image-1126\" srcset=\"https:\/\/pkjl-brandenburg.de\/wp-content\/uploads\/Anhang-25-169x300.jpg 169w, https:\/\/pkjl-brandenburg.de\/wp-content\/uploads\/Anhang-25.jpg 579w\" sizes=\"auto, (max-width: 169px) 100vw, 169px\" \/><br \/>\n<img loading=\"lazy\" decoding=\"async\" src=\"http:\/\/pkjl-brandenburg.de\/wp-content\/uploads\/Anhang-32-300x225.jpg\" alt=\"\" title=\"Anhang 3\" width=\"300\" height=\"225\" class=\"alignleft size-medium wp-image-1127\" srcset=\"https:\/\/pkjl-brandenburg.de\/wp-content\/uploads\/Anhang-32-300x225.jpg 300w, https:\/\/pkjl-brandenburg.de\/wp-content\/uploads\/Anhang-32.jpg 1024w\" sizes=\"auto, (max-width: 300px) 100vw, 300px\" \/><br \/>\n<img loading=\"lazy\" decoding=\"async\" src=\"http:\/\/pkjl-brandenburg.de\/wp-content\/uploads\/Anhang-53-300x225.jpg\" alt=\"\" title=\"Anhang 5\" width=\"300\" height=\"225\" class=\"alignleft size-medium wp-image-1129\" srcset=\"https:\/\/pkjl-brandenburg.de\/wp-content\/uploads\/Anhang-53-300x225.jpg 300w, https:\/\/pkjl-brandenburg.de\/wp-content\/uploads\/Anhang-53.jpg 1024w\" sizes=\"auto, (max-width: 300px) 100vw, 300px\" \/><\/p>\n","protected":false},"excerpt":{"rendered":"<p>Unser Vorsitzender Herr Grohmann lie\u00df noch einmal das Jahr 2014 Revue passieren! Z\u00e4hlte die Erfolge auf , aber auch die Niederlagen und die Hintergr\u00fcnde! Weiter wurde noch einmal allen Helfern gedankt die daf\u00fcr gesorgt haben, dass unser Jubil\u00e4um ein toller Abend war! Dies war dann auch der \u00dcbergang zu Ehrungen, die zum Jubil\u00e4um bereits geplant [&hellip;]<\/p>\n","protected":false},"author":1,"featured_media":0,"comment_status":"closed","ping_status":"closed","sticky":false,"template":"","format":"standard","meta":{"footnotes":""},"categories":[1],"tags":[],"class_list":["post-1123","post","type-post","status-publish","format-standard","hentry","category-allgemein"],"_links":{"self":[{"href":"https:\/\/pkjl-brandenburg.de\/index.php?rest_route=\/wp\/v2\/posts\/1123","targetHints":{"allow":["GET"]}}],"collection":[{"href":"https:\/\/pkjl-brandenburg.de\/index.php?rest_route=\/wp\/v2\/posts"}],"about":[{"href":"https:\/\/pkjl-brandenburg.de\/index.php?rest_route=\/wp\/v2\/types\/post"}],"author":[{"embeddable":true,"href":"https:\/\/pkjl-brandenburg.de\/index.php?rest_route=\/wp\/v2\/users\/1"}],"replies":[{"embeddable":true,"href":"https:\/\/pkjl-brandenburg.de\/index.php?rest_route=%2Fwp%2Fv2%2Fcomments&post=1123"}],"version-history":[{"count":2,"href":"https:\/\/pkjl-brandenburg.de\/index.php?rest_route=\/wp\/v2\/posts\/1123\/revisions"}],"predecessor-version":[{"id":1131,"href":"https:\/\/pkjl-brandenburg.de\/index.php?rest_route=\/wp\/v2\/posts\/1123\/revisions\/1131"}],"wp:attachment":[{"href":"https:\/\/pkjl-brandenburg.de\/index.php?rest_route=%2Fwp%2Fv2%2Fmedia&parent=1123"}],"wp:term":[{"taxonomy":"category","embeddable":true,"href":"https:\/\/pkjl-brandenburg.de\/index.php?rest_route=%2Fwp%2Fv2%2Fcategories&post=1123"},{"taxonomy":"post_tag","embeddable":true,"href":"https:\/\/pkjl-brandenburg.de\/index.php?rest_route=%2Fwp%2Fv2%2Ftags&post=1123"}],"curies":[{"name":"wp","href":"https:\/\/api.w.org\/{rel}","templated":true}]}}