{"id":1055,"date":"2014-09-24T09:03:42","date_gmt":"2014-09-24T09:03:42","guid":{"rendered":"http:\/\/pkjl-brandenburg.de\/?p=1055"},"modified":"2017-06-02T12:30:23","modified_gmt":"2017-06-02T12:30:23","slug":"50-psg-jubilaum","status":"publish","type":"post","link":"https:\/\/pkjl-brandenburg.de\/?p=1055","title":{"rendered":"50. PSG Jubil\u00e4um"},"content":{"rendered":"<p><a href=\"http:\/\/pkjl-brandenburg.de\/wp-content\/uploads\/P1040526.jpg\"><img loading=\"lazy\" decoding=\"async\" src=\"http:\/\/pkjl-brandenburg.de\/wp-content\/uploads\/P1040526-300x168.jpg\" alt=\"\" title=\"P1040526\" width=\"300\" height=\"168\" class=\"alignleft size-medium wp-image-1056\" srcset=\"https:\/\/pkjl-brandenburg.de\/wp-content\/uploads\/P1040526-300x168.jpg 300w, https:\/\/pkjl-brandenburg.de\/wp-content\/uploads\/P1040526-1024x575.jpg 1024w\" sizes=\"auto, (max-width: 300px) 100vw, 300px\" \/><\/a><br \/>\nKloster Lehnin<\/p>\n<p>Am Samstag feierten 140 Judoka aus verschiedenen Generationen der PSG Dynamo Brandenburg Mitte e.V., darunter auch die Gr\u00fcndungsmitglieder G\u00fcnther Gawantka und Horst Hantschke, ihren 50. Geburtstag der Abteilung Judo! Durch das Abendprogramm begleitete der Vorsitzende der PSG<br \/>\nHerr Detlef Grohmann. Die musikalische Untermalung durch unsere eigenen Sportfreunde Ines Schlegel, Martina Eichel und Dieter Seeger begeisterte jung und alt. Gru\u00dfworte an die PSG richtete nicht nur Herr Grohmann, sondern auch unsere Ehreng\u00e4ste der Pr\u00e4sident des Brandenburgischen Judoverbandes Herr Volkmar Sch\u00f6neburg, unsere Oberb\u00fcrgermeisterin Frau Dr. Dietlind Tiemann und Andre Eckhardt. Andre Eckhardt \u00fcberreichte im Auftrag der Wirtschaftsjunioren und des Gewerbevereins Brandenburg einen Scheck in H\u00f6he von 500\u20ac f\u00fcr die Kinder und Jugendarbeit im Verein.<!--more--><br \/>\nEin Ohrensessel vor einer wundersch\u00f6n mit alten Fahnen, Judo Wurfpuppen und verschieden farbigen Judog\u00fcrtel dekorierten B\u00fchne lud unser Ehrenmitglied Ernst-Detlev Zuckschwerdt geradezu ein, uns Anekdoten aus der PSG Geschichte zu erz\u00e4hlen. Nicht nur den Judoka zauberte er ein L\u00e4cheln auf`s Gesicht. Auch unseren Ehreng\u00e4sten Frau Dr. Spielmann, unseren Sponsoren und Sportfreunden vom Autohaus Mothor, vom Sachverst\u00e4ndigen Zentrum K\u00dcS, vom Schrotthandel Seeger, der W\u00e4scherei Hoffmann, vom Taxiunternehmen Huth und dem ehmaligen Inhaber Henry Bertz und seiner Nachfolgerin Susanne  Zuckschwerdt von der Druckerei Bertz. Begeistert waren auch Ex Bundestrainer Norbert Littkopf mit seinen Nationalk\u00e4mpferinnen wie Jana Perlberg-M\u00fcller, Ute Burmeister, Karoline Kubatzki, Anett B\u00f6hm und vielen mehr.<br \/>\nNach den Geschichten und Gru\u00dfworten hatten wir uns eine St\u00e4rkung am Buffett von der Fleischerei Kruse redlich verdient. Ges\u00e4ttigt und wieder konzentriert konnten wir uns nun den Ehrungen verdienter Sportler und Funktion\u00e4re widmen.<br \/>\n\u00dcberreicht wurden die Ehrungen durch den Gesch\u00e4ftsf\u00fchrer der PSG Wolfgang Zuckschwerdt, der Oberb\u00fcrgermeisterin Frau Dr. Dietlind Tiemann, dem Pr\u00e4sidenten des BJV Herrn Volkmar Sch\u00f6neburg und dem Vize Vorsitzenden des Stadtsportbundes Herrn Reichel. Herr Reichel \u00fcbergab die Ehrennadel des Landessportbundes an Ute Edeler, Astrid Treppo, Gerd Kepper und Klaus-Peter Schober. Die Ehrenmedaillen des Brandenburgischen Judoverbandes \u00fcberreichte Frau Dr. Dietlind Tiemann an Frau Dr. Ann-Kathrin Keidel und an die Geschwister Kerstin und Daniela Schmidtsdorf. Die DAN Auszeichnungen \u00fcbernahmen Wolfgang Zuckschwerdt und Herr Sch\u00f6neburg.<br \/>\nMit dem 2. DAN wurden Anika Schulze, Patrick Tautz und Erik H\u00f6ft f\u00fcr ihre jahrelangen sportlichen Aktivit\u00e4ten  in der Bundesliga, Regionalliga und ihrer \u00dcbungsleitert\u00e4tigkeit ausgezeichnet. Den 3. DAN erhielt Fred K\u00f6ppen und Detlef Grohmann f\u00fcr ihre Arbeit im und f\u00fcr den Verein!<br \/>\nUnd zuletzt erhielt den 5. DAN unsere Meisterin des Sports, unser Hauptsponsor und gr\u00f6\u00dfter Fan Beate Huth vom Taxiunternehmen Huth. Ausgezeichnet f\u00fcr Ihre verdienste im Sport und f\u00fcr den Verein PSG Dynamo Brandenburg Mitte e.V.!<a href=\"http:\/\/pkjl-brandenburg.de\/wp-content\/uploads\/P1040577.jpg\"><img loading=\"lazy\" decoding=\"async\" src=\"http:\/\/pkjl-brandenburg.de\/wp-content\/uploads\/P1040577-300x168.jpg\" alt=\"\" title=\"P1040577\" width=\"300\" height=\"168\" class=\"alignleft size-medium wp-image-1057\" srcset=\"https:\/\/pkjl-brandenburg.de\/wp-content\/uploads\/P1040577-300x168.jpg 300w, https:\/\/pkjl-brandenburg.de\/wp-content\/uploads\/P1040577-1024x575.jpg 1024w\" sizes=\"auto, (max-width: 300px) 100vw, 300px\" \/><\/a><br \/>\nNach den zahlreichen Gratulationen und Umarmungen stimmten alle gemeinsam das Judolied an.<br \/>\nNach dem offiziellen Teil heizte uns nun DJ Christian Edeler ein, jung und alt , offizielle und Funktion\u00e4re feierten bis in die Morgenstunden.<br \/>\n<a href=\"http:\/\/pkjl-brandenburg.de\/wp-content\/uploads\/P1040540.jpg\"><img loading=\"lazy\" decoding=\"async\" src=\"http:\/\/pkjl-brandenburg.de\/wp-content\/uploads\/P1040540-300x168.jpg\" alt=\"\" title=\"P1040540\" width=\"300\" height=\"168\" class=\"alignleft size-medium wp-image-1058\" srcset=\"https:\/\/pkjl-brandenburg.de\/wp-content\/uploads\/P1040540-300x168.jpg 300w, https:\/\/pkjl-brandenburg.de\/wp-content\/uploads\/P1040540-1024x575.jpg 1024w\" sizes=\"auto, (max-width: 300px) 100vw, 300px\" \/><\/a><a href=\"http:\/\/pkjl-brandenburg.de\/wp-content\/uploads\/P1040533.jpg\"><img loading=\"lazy\" decoding=\"async\" src=\"http:\/\/pkjl-brandenburg.de\/wp-content\/uploads\/P1040533-300x168.jpg\" alt=\"\" title=\"P1040533\" width=\"300\" height=\"168\" class=\"alignleft size-medium wp-image-1059\" srcset=\"https:\/\/pkjl-brandenburg.de\/wp-content\/uploads\/P1040533-300x168.jpg 300w, https:\/\/pkjl-brandenburg.de\/wp-content\/uploads\/P1040533-1024x575.jpg 1024w\" sizes=\"auto, (max-width: 300px) 100vw, 300px\" \/><\/a><\/p>\n","protected":false},"excerpt":{"rendered":"<p>Kloster Lehnin Am Samstag feierten 140 Judoka aus verschiedenen Generationen der PSG Dynamo Brandenburg Mitte e.V., darunter auch die Gr\u00fcndungsmitglieder G\u00fcnther Gawantka und Horst Hantschke, ihren 50. Geburtstag der Abteilung Judo! Durch das Abendprogramm begleitete der Vorsitzende der PSG Herr Detlef Grohmann. Die musikalische Untermalung durch unsere eigenen Sportfreunde Ines Schlegel, Martina Eichel und Dieter [&hellip;]<\/p>\n","protected":false},"author":1,"featured_media":0,"comment_status":"closed","ping_status":"closed","sticky":false,"template":"","format":"standard","meta":{"footnotes":""},"categories":[1,15],"tags":[],"class_list":["post-1055","post","type-post","status-publish","format-standard","hentry","category-allgemein","category-sportliches"],"_links":{"self":[{"href":"https:\/\/pkjl-brandenburg.de\/index.php?rest_route=\/wp\/v2\/posts\/1055","targetHints":{"allow":["GET"]}}],"collection":[{"href":"https:\/\/pkjl-brandenburg.de\/index.php?rest_route=\/wp\/v2\/posts"}],"about":[{"href":"https:\/\/pkjl-brandenburg.de\/index.php?rest_route=\/wp\/v2\/types\/post"}],"author":[{"embeddable":true,"href":"https:\/\/pkjl-brandenburg.de\/index.php?rest_route=\/wp\/v2\/users\/1"}],"replies":[{"embeddable":true,"href":"https:\/\/pkjl-brandenburg.de\/index.php?rest_route=%2Fwp%2Fv2%2Fcomments&post=1055"}],"version-history":[{"count":2,"href":"https:\/\/pkjl-brandenburg.de\/index.php?rest_route=\/wp\/v2\/posts\/1055\/revisions"}],"predecessor-version":[{"id":1318,"href":"https:\/\/pkjl-brandenburg.de\/index.php?rest_route=\/wp\/v2\/posts\/1055\/revisions\/1318"}],"wp:attachment":[{"href":"https:\/\/pkjl-brandenburg.de\/index.php?rest_route=%2Fwp%2Fv2%2Fmedia&parent=1055"}],"wp:term":[{"taxonomy":"category","embeddable":true,"href":"https:\/\/pkjl-brandenburg.de\/index.php?rest_route=%2Fwp%2Fv2%2Fcategories&post=1055"},{"taxonomy":"post_tag","embeddable":true,"href":"https:\/\/pkjl-brandenburg.de\/index.php?rest_route=%2Fwp%2Fv2%2Ftags&post=1055"}],"curies":[{"name":"wp","href":"https:\/\/api.w.org\/{rel}","templated":true}]}}